{"id":994,"date":"2022-08-03T11:20:14","date_gmt":"2022-08-03T09:20:14","guid":{"rendered":"http:\/\/labrodeusedemots.com\/?p=994"},"modified":"2023-02-22T16:46:56","modified_gmt":"2023-02-22T15:46:56","slug":"rennes-le-souvenir-des-deportes-du-train-de-langeais","status":"publish","type":"post","link":"https:\/\/labrodeusedemots.com\/index.php\/2022\/08\/03\/rennes-le-souvenir-des-deportes-du-train-de-langeais\/","title":{"rendered":"Rennes. Le souvenir des d\u00e9port\u00e9s du train de Langeais"},"content":{"rendered":"<figure id=\"attachment_995\" aria-describedby=\"caption-attachment-995\" style=\"width: 1020px\" class=\"wp-caption aligncenter\"><img loading=\"lazy\" class=\"wp-image-995 size-large\" src=\"http:\/\/labrodeusedemots.com\/wp-content\/uploads\/2022\/08\/OF-2022-08-03-LANGEAIS-1024x681.jpg\" alt=\"\" width=\"1020\" height=\"678\" srcset=\"https:\/\/labrodeusedemots.com\/wp-content\/uploads\/2022\/08\/OF-2022-08-03-LANGEAIS-1024x681.jpg 1024w, https:\/\/labrodeusedemots.com\/wp-content\/uploads\/2022\/08\/OF-2022-08-03-LANGEAIS-300x200.jpg 300w, https:\/\/labrodeusedemots.com\/wp-content\/uploads\/2022\/08\/OF-2022-08-03-LANGEAIS-768x511.jpg 768w, https:\/\/labrodeusedemots.com\/wp-content\/uploads\/2022\/08\/OF-2022-08-03-LANGEAIS-450x300.jpg 450w, https:\/\/labrodeusedemots.com\/wp-content\/uploads\/2022\/08\/OF-2022-08-03-LANGEAIS-90x60.jpg 90w, https:\/\/labrodeusedemots.com\/wp-content\/uploads\/2022\/08\/OF-2022-08-03-LANGEAIS.jpg 1260w\" sizes=\"(max-width: 1020px) 100vw, 1020px\" \/><figcaption id=\"caption-attachment-995\" class=\"wp-caption-text\">Les autorit\u00e9s civiles et militaires lors de la c\u00e9r\u00e9monie comm\u00e9morative sur le quai des D\u00e9port\u00e9s, ce mardi \u00e0 Rennes. | LORENZO VERGARI MORELLI\/OUEST-FRANCE<\/figcaption><\/figure>\n<p style=\"text-align: justify;\"><strong>Jean-Claude Bourgeon, auteur de\u00a0<a href=\"http:\/\/labrodeusedemots.com\/index.php\/2022\/03\/10\/melanie-a-dit-oui-jean-claude-bourgeon\"><em>M\u00e9lanie a dit Oui \u2013 Guerre, R\u00e9sistance, aventures humaines, t\u00e9moignages et r\u00e9v\u00e9lations<\/em><\/a> est l&#8217;initiateur du m\u00e9morial.<\/strong><\/p>\n<h1 class=\"titre \" style=\"text-align: justify;\">Rennes. Le souvenir des d\u00e9port\u00e9s du train de Langeais<\/h1>\n<p class=\"su-standfirst chapeau\" style=\"text-align: justify;\"><em>Les 2 et 3\u00a0ao\u00fbt 1944, \u00e0 la veille de la lib\u00e9ration de Rennes, deux trains emportent plus d\u2019un millier de prisonniers vers les camps de concentration. Ces convois de la mort ont \u00e9t\u00e9 comm\u00e9mor\u00e9s mardi 2 ao\u00fbt au m\u00e9morial du quai de la D\u00e9portation, rue Jules-Verne.<\/em><\/p>\n<p>Un <a href=\"https:\/\/www.ouest-france.fr\/bretagne\/rennes-35000\/rennes-le-souvenir-des-deportes-du-train-de-langeais-662b59c0-1262-11ed-abe5-6c780d7fdca1\">article \u00e0 lire en ligne sur le site de Ouest France<\/a>.<\/p>\n<p>&nbsp;<\/p>\n<p>Voir aussi <strong><a href=\"http:\/\/labrodeusedemots.com\/index.php\/2022\/07\/28\/recueillement-au-memorial-dedie-aux-prisonniers-et-deportes-du-train-de-langeais\/\"><em>Recueillement au m\u00e9morial d\u00e9di\u00e9 aux prisonniers et d\u00e9port\u00e9s du Train de Langeais<\/em><\/a>.<\/strong><\/p>\n","protected":false},"excerpt":{"rendered":"<p>Jean-Claude Bourgeon, auteur de\u00a0M\u00e9lanie a dit Oui \u2013 Guerre, R\u00e9sistance, aventures humaines, t\u00e9moignages et r\u00e9v\u00e9lations est l&#8217;initiateur du m\u00e9morial. Rennes. Le souvenir des d\u00e9port\u00e9s du train de Langeais Les 2 et 3\u00a0ao\u00fbt 1944, \u00e0 la veille de la lib\u00e9ration de Rennes, deux trains emportent plus d\u2019un millier de prisonniers vers les camps de concentration. Ces &hellip; <\/p>\n","protected":false},"author":1,"featured_media":841,"comment_status":"closed","ping_status":"open","sticky":false,"template":"","format":"standard","meta":[],"categories":[9],"tags":[42,43,55,50,60],"_links":{"self":[{"href":"https:\/\/labrodeusedemots.com\/index.php\/wp-json\/wp\/v2\/posts\/994"}],"collection":[{"href":"https:\/\/labrodeusedemots.com\/index.php\/wp-json\/wp\/v2\/posts"}],"about":[{"href":"https:\/\/labrodeusedemots.com\/index.php\/wp-json\/wp\/v2\/types\/post"}],"author":[{"embeddable":true,"href":"https:\/\/labrodeusedemots.com\/index.php\/wp-json\/wp\/v2\/users\/1"}],"replies":[{"embeddable":true,"href":"https:\/\/labrodeusedemots.com\/index.php\/wp-json\/wp\/v2\/comments?post=994"}],"version-history":[{"count":2,"href":"https:\/\/labrodeusedemots.com\/index.php\/wp-json\/wp\/v2\/posts\/994\/revisions"}],"predecessor-version":[{"id":1022,"href":"https:\/\/labrodeusedemots.com\/index.php\/wp-json\/wp\/v2\/posts\/994\/revisions\/1022"}],"wp:featuredmedia":[{"embeddable":true,"href":"https:\/\/labrodeusedemots.com\/index.php\/wp-json\/wp\/v2\/media\/841"}],"wp:attachment":[{"href":"https:\/\/labrodeusedemots.com\/index.php\/wp-json\/wp\/v2\/media?parent=994"}],"wp:term":[{"taxonomy":"category","embeddable":true,"href":"https:\/\/labrodeusedemots.com\/index.php\/wp-json\/wp\/v2\/categories?post=994"},{"taxonomy":"post_tag","embeddable":true,"href":"https:\/\/labrodeusedemots.com\/index.php\/wp-json\/wp\/v2\/tags?post=994"}],"curies":[{"name":"wp","href":"https:\/\/api.w.org\/{rel}","templated":true}]}}