{"id":990,"date":"2022-08-30T15:14:40","date_gmt":"2022-08-30T13:14:40","guid":{"rendered":"http:\/\/labrodeusedemots.com\/?p=990"},"modified":"2023-02-22T16:46:04","modified_gmt":"2023-02-22T15:46:04","slug":"melanie-a-dit-oui-la-parole-aux-lecteurs","status":"publish","type":"post","link":"https:\/\/labrodeusedemots.com\/index.php\/2022\/08\/30\/melanie-a-dit-oui-la-parole-aux-lecteurs\/","title":{"rendered":"&#8220;M\u00e9lanie a dit oui&#8221;, mots de lecteurs"},"content":{"rendered":"<p><img loading=\"lazy\" class=\"alignleft size-medium wp-image-861\" src=\"http:\/\/labrodeusedemots.com\/wp-content\/uploads\/2022\/03\/DEF-Couv-Melanie-203x300.jpg\" alt=\"\" width=\"203\" height=\"300\" srcset=\"https:\/\/labrodeusedemots.com\/wp-content\/uploads\/2022\/03\/DEF-Couv-Melanie-203x300.jpg 203w, https:\/\/labrodeusedemots.com\/wp-content\/uploads\/2022\/03\/DEF-Couv-Melanie-41x60.jpg 41w, https:\/\/labrodeusedemots.com\/wp-content\/uploads\/2022\/03\/DEF-Couv-Melanie.jpg 615w\" sizes=\"(max-width: 203px) 100vw, 203px\" \/><\/p>\n<h3 style=\"text-align: justify;\"><strong><em>\u201cM\u00e9lanie a dit oui\u201d \u2013 Guerre, R\u00e9sistance, aventures humaines, t\u00e9moignages et r\u00e9v\u00e9lations. <\/em><\/strong><strong>Nous laissons la parole aux lecteurs<\/strong> du livre, avec leurs mots :<\/h3>\n<p style=\"text-align: justify;\">&#8220;<em>Bien re\u00e7u LE livre. Quelle merveille ! Vraiment, je suis contente que tu te sois acharn\u00e9. J&#8217;ai commenc\u00e9 \u00e0 le d\u00e9vorer hier et n&#8217;arrivais pas \u00e0 d\u00e9crocher. C&#8217;est vraiment un livre de r\u00e9f\u00e9rence&#8230;\u00a0 Amiti\u00e9s admiratives !<\/em>&#8220;<\/p>\n<p style=\"text-align: justify;\"><strong>Dr Florence Allard (petite-fille du G\u00e9n\u00e9ral Allard chef de l\u2019Arm\u00e9e secr\u00e8te zones M3 \/ M4, fille et petite-fille de d\u00e9port\u00e9es)<\/strong><\/p>\n<p>&nbsp;<\/p>\n<p style=\"text-align: justify;\">&#8220;<em>Nous venons aujourd&#8217;hui de recevoir votre ouvrage. Les quelques lignes que j&#8217;ai lues m&#8217;ont beaucoup int\u00e9ress\u00e9. Il y a plus de d\u00e9tails que dans le recueil de mon p\u00e8re. Mon p\u00e8re est d\u00e9c\u00e9d\u00e9 en 2003 et faute de lui avoir parl\u00e9 pour lui demander des d\u00e9tails suppl\u00e9mentaires, je me pose encore des questions. Ainsi la vie est faite, on oublie souvent le pass\u00e9 malheureusement. (\u2026\/\u2026)\u00a0 Merci infiniment pour cet ouvrage tr\u00e8s complet, indispensable pour les g\u00e9n\u00e9rations futures<\/em>.&#8221;<\/p>\n<p style=\"text-align: justify;\"><strong>Yvon Roquebernou (Fils de Jean Roquebernou chef du groupe de sabotage des voies)<\/strong><\/p>\n<p>&nbsp;<\/p>\n<p style=\"text-align: justify;\">&#8220;(\u2026\/\u2026) <em>Nous pensons \u00e0 vous, cher Jean-Claude, et \u00e0 tout ce que vous avez permis (\u2026\/\u2026) Comme je suis heureux pour vous que ce livre qui vous a co\u00fbt\u00e9 tant d\u2019efforts soit enfin l\u00e0. (\u2026\/\u2026) Je suis plong\u00e9 dans votre livre avec passion et admiration. Vous avez fait un travail tout \u00e0 fait exceptionnel et je p\u00e8se mes mots ! Je n\u2019ai jamais trouv\u00e9 chez un historien professionnel un tel souci du d\u00e9tail, y compris le plus infime : par quelle trappe, par exemple, sautent, ou ne sautent pas, les membres d\u2019\u00e9quipage d\u2019un B 17. Etc. J\u2019esp\u00e8re qu\u2019on vous dira tout \u00e7a. Nous ne sommes religieux ni l\u2019un ni l\u2019autre mais, si ce mot a un sens, il s\u2019applique \u00e0 votre respect scrupuleux des r\u00e9alit\u00e9s vues sous leurs moindres facettes. Je suis vraiment tr\u00e8s admiratif, je me r\u00e9p\u00e8te. J\u2019ai offert mon second exemplaire \u00e0 G.-P. ( \u2026\/\u2026.) Je n\u2019ose pas lui t\u00e9l\u00e9phoner, pour l\u2019instant, mais sa femme me dit qu\u2019il ne l\u00e2che pas votre livre.<\/em> (\u2026\/\u2026)&#8221;<\/p>\n<p style=\"text-align: justify;\"><strong><a href=\"https:\/\/fr.wikipedia.org\/wiki\/Marcel_Cohen_(%C3%A9crivain)\">Marcel Cohen<\/a> journaliste et \u00e9crivain (enfant cach\u00e9 \u00e0 Messac de 1943 \u00e0 1945)<\/strong><\/p>\n<p>&nbsp;<\/p>\n<p style=\"text-align: justify;\">&#8220;(\u2026\/\u2026) <em>Voil\u00e0 un ouvrage remarquable sur la R\u00e9sistance. Une v\u00e9ritable encyclop\u00e9die, un travail indispensable fruit d\u2019un investissement consid\u00e9rable et d\u2019autant plus pr\u00e9cieux que la plupart des t\u00e9moins ont disparu. Ce livre d\u2019Histoire, servi par une belle plume, se lit aussi comme un roman tant il y a de rebondissements.<\/em>&#8220;<\/p>\n<p style=\"text-align: justify;\"><strong><a href=\"https:\/\/nantes.maville.com\/actu\/actudet_-jean-bourgeon-une-passion-pour-l-histoire_8-3640912_actu.Htm\">Jean Bourgeon<\/a>, Historien Prix de l\u2019Acad\u00e9mie litt\u00e9raire de Bretagne et des Pays de la Loire<\/strong><\/p>\n<p>&nbsp;<\/p>\n<p style=\"text-align: justify;\">&#8220;(\u2026\/\u2026) <em>Le texte m&#8217;a beaucoup int\u00e9ress\u00e9e par sa pr\u00e9cision et sa concision. J&#8217;ai \u00e9t\u00e9 form\u00e9e \u00e0 cette p\u00e9riode par Serge Ravanel et Raymond Aubrac qui m&#8217;ont toujours expliqu\u00e9 que la R\u00e9sistance avait \u00e9t\u00e9 locale. C&#8217;est bien ce que vous d\u00e9montrez.<\/em>&#8220;<\/p>\n<p style=\"text-align: justify;\"><strong><a href=\"https:\/\/le-souvenir-francais.fr\/loeil-de-lhistorienne\/\">Laurence Thibault<\/a>, Pr\u00e9sidente de Libert\u00e9 M\u00e9moire, Jury du Prix litt\u00e9raire de la R\u00e9sistance<\/strong><\/p>\n<p>&nbsp;<\/p>\n<p style=\"text-align: justify;\">&#8220;(\u2026\/\u2026) <em>F\u00e9licitations pour ce &#8220;travail de toute une vie&#8221;. J&#8217;ai retrouv\u00e9 les photos de Marie-Th\u00e9r\u00e8se religieuse et de jeunesse. (\u2026\/\u2026) Je vais commencer par me plonger dans les passages concernant les deux amies. Je vais attendre la prochaine F\u00eate pour le partager avec la Communaut\u00e9 (\u2026\/\u2026) Je suis aussi int\u00e9ress\u00e9e par ce qu&#8217;a v\u00e9cu Pierre Morel que j&#8217;ai eu l&#8217;honneur de conna\u00eetre \u00e0 la fin de sa vie lorsqu\u2019avec sa femme il r\u00e9sidait dans le m\u00eame \u00e9tablissement que mon p\u00e8re.<\/em>&#8220;<\/p>\n<p style=\"text-align: justify;\"><strong>Anne M. \u2013 S\u0153ur Anne Samuel \u2013 Monast\u00e8re des B\u00e9n\u00e9dictines (Soutien de Marie-Th\u00e9r\u00e8se Sillard R\u00e9sistante, Moniale)<\/strong><\/p>\n<p>&nbsp;<\/p>\n<p style=\"text-align: justify;\">&#8220;<em>Je me suis empress\u00e9e de lire le passage du 6 ao\u00fbt \u00e0 Port de Roche, je suis n\u00e9e dans le ch\u00e2teau de Port de Roche. Mes grands-parents avaient la ferme de Port de Roche cot\u00e9 Saint-Anne. Ma grand-m\u00e8re m&#8217;a tr\u00e8s souvent racont\u00e9 cet \u00e9v\u00e9nement. (\u2026\/\u2026) Mon grand-p\u00e8re est d\u00e9c\u00e9d\u00e9 , ma grand-m\u00e8re aura <a href=\"https:\/\/www.ouest-france.fr\/bretagne\/grand-fougeray-35390\/a-109-ans-maria-gauvin-est-la-doyenne-de-la-bretagne-4c2d115c-22c6-11ed-a859-b7e451c00f9d\">109 ans le 22 ao\u00fbt prochain<\/a>.<\/em>&#8220;<\/p>\n<p style=\"text-align: justify;\"><strong>Fran\u00e7oise B. lectrice<\/strong><\/p>\n<p>&nbsp;<\/p>\n<p style=\"text-align: justify;\">&#8220;<em>J&#8217;ai lu le chapitre <a href=\"http:\/\/labrodeusedemots.com\/index.php\/tag\/marcel-cohen\/\">un enfant juif cach\u00e9 \u00e0 Messac<\/a> et je lis en ce moment le chapitre sur le g\u00e9n\u00e9ral Allard, j&#8217;ai eu la surprise d&#8217;y d\u00e9couvrir le nom de mes beaux-parents qui avaient cach\u00e9 Gilberte Tumoine \u00e0 Mauron (\u2026.\/\u2026) quel dommage si ce livre \u00e9tait rest\u00e9 dans un tiroir.<\/em>&#8220;<\/p>\n<p style=\"text-align: justify;\"><strong>No\u00eblle B. fille de Georgette Touchais employ\u00e9e de la famille Allard r\u00e9chapp\u00e9e de l\u2019arrestation du 1er d\u00e9cembre 1943<\/strong><\/p>\n<p>&nbsp;<\/p>\n<p style=\"text-align: justify;\">&#8220;(\u2026\/\u2026) <em>M\u00e9lanie m&#8217;a bien accompagn\u00e9 pendant la semaine d&#8217;hospitalisation. Mes contraintes \u00e9taient peu de chose en miroir \u00e0 celles qui ont \u00e9t\u00e9 v\u00e9cues par les d\u00e9port\u00e9s. Beaucoup d&#8217;informations in\u00e9dites et int\u00e9ressantes dans le livre. Un index des lieux et un index des noms faciliteraient les liaisons<\/em> (\u2026\/\u2026)&#8221;<\/p>\n<p style=\"text-align: justify;\"><strong>Herv\u00e9 M. historien et auteur<\/strong><\/p>\n<p>&nbsp;<\/p>\n<p style=\"text-align: justify;\">&#8220;<em>L\u2019article sur le docteur SPITZER m\u2019a un peu surprise, ma m\u00e8re le croyait allemand (\u2026\/\u2026.) Voil\u00e0 une bien petite anecdote \u00e9videmment. Nous passons un excellent moment avec tes \u00e9crits. C\u2019e\u00fbt \u00e9t\u00e9 dommage de ne pas les r\u00e9diger et d\u2019en faire part \u00e0 beaucoup. Merci aussi pour tout ce travail (\u2026\/\u2026) F. C. est tr\u00e8s int\u00e9ress\u00e9e par ton livre,\u00a0 elle te contactera cet \u00e9t\u00e9.<\/em>&#8220;<\/p>\n<p style=\"text-align: justify;\"><strong>Marie-Th\u00e9r\u00e8se G-R lectrice.<\/strong><\/p>\n<p>&nbsp;<\/p>\n<p style=\"text-align: justify;\">&#8220;<em>Merci beaucoup pour ce gros livre que je viens de recevoir ! Quel magnifique travail ! (\u2026\/\u2026) Je suis tr\u00e8s confuse car je sais que vous publiez sur vos propres deniers. En tout cas, un immense merci pour ce cadeau et aussi pour ce que vous avez fait. J&#8217;ai beaucoup aim\u00e9 tout ce que vous avez \u00e9crit sur maman et c&#8217;est, je crois, la premi\u00e8re fois que j&#8217;ai un r\u00e9cit aussi complet de ce qu&#8217;elle a fait. Je n&#8217;avais pas remis tous les morceaux du puzzle dans l&#8217;ordre et ce t\u00e9moignage est tr\u00e8s pr\u00e9cieux.<\/em> (\u2026\/\u2026)&#8221;<\/p>\n<p style=\"text-align: justify;\"><strong>Emmanuelle Boudaliez-Stawski fille d\u2019Anne-Marie Boudaliez R\u00e9sistante .<\/strong><\/p>\n<p>&nbsp;<\/p>\n<p style=\"text-align: justify;\">&#8220;<em>Merci pour ce fabuleux boulot de collecte et rencontres de &#8220;toute une vie&#8221; ! Super la conf\u00e9rence<\/em> (<em>pr\u00e9sentation-signature le 7 mai 2022 \u00e0 Messac<\/em>) <em>! Tu risques fort d&#8217;en faire d&#8217;autres. Ton travail, tes recherches vont forc\u00e9ment int\u00e9resser. Tr\u00e8s heureuse de cette reconnaissance, bien m\u00e9rit\u00e9e !<\/em>&#8220;<\/p>\n<p style=\"text-align: justify;\"><strong>Myl\u00e8ne M. Cadre Presse<\/strong><\/p>\n<p>&nbsp;<\/p>\n<p style=\"text-align: justify;\">&#8220;<em>L&#8217;histoire de <a href=\"http:\/\/labrodeusedemots.com\/index.php\/tag\/marcel-cohen\/\">Marcel Cohen<\/a> m&#8217;a particuli\u00e8rement touch\u00e9. Je suis all\u00e9 le trouver \u00e0 la fin et lui ai demand\u00e9 si l&#8217;on pouvait trouver encore son livre <\/em>Sur la sc\u00e8ne int\u00e9rieure<em> o\u00f9 il raconte ses parents, grands-parents avant la trag\u00e9die. Il parle bri\u00e8vement de son passage \u00e0 Messac. C&#8217;est un livre magnifique. Eh bien, ce livre, il m&#8217;en a donn\u00e9 un exemplaire sur le champ. J&#8217;en ai \u00e9t\u00e9 tr\u00e8s honor\u00e9. (\u2026\/\u2026)\u00a0 Bravo encore \u00e0 toi d&#8217;avoir permis ces \u00e9changes, gr\u00e2ce \u00e0 ton opini\u00e2tret\u00e9 et ton d\u00e9vouement. J&#8217;esp\u00e8re que ton bouquin va bien marcher. Il le m\u00e9rite. Je serai ravi que tu me le d\u00e9dicaces. (\u2026\/\u2026) Tu peux avoir la satisfaction du devoir accompli et surtout la fiert\u00e9 d&#8217;avoir transmis une sacr\u00e9e m\u00e9moire.<\/em>&#8220;<\/p>\n<p style=\"text-align: justify;\"><strong>Eric Chopin journaliste, auteur<\/strong><\/p>\n<p>&nbsp;<\/p>\n<p style=\"text-align: justify;\">&#8220;<em>J&#8217;ai bien re\u00e7u votre livre &#8221; M\u00e9lanie a dit oui &#8221; (\u2026\/\u2026) J&#8217;ai commenc\u00e9 \u00e0 le parcourir, vous avez r\u00e9alis\u00e9 un travail remarquable de recherches. C&#8217;est passionnant !<\/em>&#8220;<\/p>\n<p style=\"text-align: justify;\"><strong>Bernard S. pr\u00eatre<\/strong><\/p>\n<p style=\"text-align: justify;\"><strong>\u00a0<\/strong><\/p>\n<p style=\"text-align: justify;\">&#8220;<em>Votre livre m&#8217;a \u00e9t\u00e9 livr\u00e9 ce matin. Je vous remercie pour votre d\u00e9dicace dont je partage l&#8217;esprit. Votre travail sera ma lecture de l&#8217;\u00e9t\u00e9.<\/em>&#8220;<\/p>\n<p style=\"text-align: justify;\"><strong>Th\u00e9r\u00e8se L. fille d\u2019une femme m\u00e9decin-d\u00e9port\u00e9e \u00e0 Ravensbr\u00fcck t\u00e9moin et soutien de Marguerite Allard lors de son transfert vers la chambre \u00e0 gaz et le cr\u00e9matoire.<\/strong><\/p>\n<p>&nbsp;<\/p>\n<p style=\"text-align: justify;\">&#8220;<em>Ma s\u0153ur Fran\u00e7oise a d\u00e9j\u00e0 d\u00e9vor\u00e9 une bonne partie de votre livre mais doit ralentir un peu tant l\u2019\u00e9motion est grande ! Elle m\u2019en a exprim\u00e9 l\u2019\u00e9l\u00e9gance du style et le travail \u00e9norme de recherches !<\/em>&#8220;<\/p>\n<p style=\"text-align: justify;\"><strong>Nicole S., Paris, fille du chef du r\u00e9seau &#8220;Ecarlate&#8221; \u2013 tu\u00e9 en mission.<\/strong><\/p>\n<p style=\"text-align: justify;\"><strong>\u00a0<\/strong><\/p>\n<p style=\"text-align: justify;\"><em>&#8220;Je souhaiterais (\u2026\/\u2026) saluer les qualit\u00e9s du livre, remarquable par l&#8217;ampleur de la collecte de t\u00e9moignages et de documents, g\u00e9n\u00e9ralement in\u00e9dits, dont rend compte le tr\u00e8s beau livret photographique. L&#8217;ouvrage restitue en particulier\u00a0tr\u00e8s bien le r\u00f4le jou\u00e9 par les &#8220;h\u00e9ros ordinaires&#8221; de la R\u00e9sistance, et la diversit\u00e9 de\u00a0leur origine sociale, de leur niveau de responsabilit\u00e9 ou de leurs activit\u00e9s, avec beaucoup de pr\u00e9cision, une grande rigueur dans la d\u00e9marche et un style tr\u00e8s fluide qui permet d&#8217;avaler ais\u00e9ment les 950 pages. Un vrai travail d&#8217;historien (\u2026\/\u2026) tr\u00e8s belle \u00e9dition, avec un livret photographique remarquable (\u2026\/&#8230;).&#8221;<\/em><\/p>\n<p style=\"text-align: justify;\"><strong>Pascal B. Professeur d\u2019Histoire, Docteur \u00e8s lettres<\/strong><\/p>\n<p style=\"text-align: justify;\"><strong>\u00a0<\/strong><\/p>\n<p style=\"text-align: justify;\">&#8220;<em>J\u2019ai bien re\u00e7u le livre&#8230; magnifique&#8230; d\u00e9j\u00e0 ouvert et vaguement parcouru (\u2026\/\u2026) Voici l\u2019\u0153uvre &#8220;gigantesque&#8221; de votre vie. Quelle volont\u00e9 fut la v\u00f4tre, pour rechercher, recouper, et bousculer les m\u00e9moires. Ces \u00e9v\u00e9nements de Guerre\u2026 des familles seront heureuses et \u00e9tonn\u00e9es de d\u00e9couvrir la participation de leurs anciens. J\u2019ai survol\u00e9 quelques chapitres o\u00f9 combien d\u2019histoires incroyables sont d\u00e9crites, m\u00eame concernant des Am\u00e9ricains, Allemands et Alsaciens (\u2026\/\u2026)<\/em>&#8220;<\/p>\n<p style=\"text-align: justify;\"><strong>Gaby S.\u00a0 Strasbourg<\/strong><\/p>\n<p>&nbsp;<\/p>\n<p style=\"text-align: justify;\">&#8220;(\u2026\/\u2026)<em> Je feuillette ton livre et je suis tr\u00e8s tr\u00e8s impressionn\u00e9 par la qualit\u00e9 quantit\u00e9 et pr\u00e9cision de ta documentation et j imagine mal\u00a0 tout ton travail amont&#8230;<\/em> (\u2026\/\u2026)&#8221;<\/p>\n<p style=\"text-align: justify;\"><strong>Alain G. Lyon<\/strong><\/p>\n<p>&nbsp;<\/p>\n<p style=\"text-align: justify;\">&#8220;(\u2026\/\u2026)<em> livre impressionnant et magnifique : un ouvrage gigantesque,\u00a0 n\u2019ayons pas peur de l\u2019\u00e9crire ! Immense travail de recherches, de patience et rempli probablement d\u2019emb\u00fbches et d\u2019impr\u00e9vus de toutes les sortes : une \u0153uvre &#8220;d\u2019acharnation&#8221; r\u00e9ussie, comme aurait dit le po\u00e8te et cin\u00e9aste de chez nous, Pierre Perrault<\/em> (&#8230;\/\u2026)&#8221;<\/p>\n<p style=\"text-align: justify;\"><strong>Jocelyn B. Musicien, compositeur, com\u00e9dien, po\u00e8te, conteur, sculpteur\u2026 Chaudi\u00e8res-Appalaches, Qu\u00e9bec Canada<\/strong><\/p>\n<p>&nbsp;<\/p>\n<p style=\"text-align: justify;\">&#8220;(\u2026\/\u2026) <em>Tu fais des heureux. Et il y a tous ceux qui pensent la m\u00eame chose et n&#8217;oseront pas te le dire. Ton travail est reconnu et appr\u00e9ci\u00e9. Ta pers\u00e9v\u00e9rance a \u00e9t\u00e9 r\u00e9compens\u00e9e. Heureux homme ! <\/em>(\u2026\/\u2026)<em> Tous les gens qui s&#8217;int\u00e9ressent \u00e0 la R\u00e9sistance n&#8217;ont pas le talent d&#8217;historien de Jean-Claude Bourgeon <\/em>(\u2026\/\u2026)<em> je suis vraiment heureux que ton livre soit paru, que tu sortes de l&#8217;ombre tous ces r\u00e9sistants sans toi tomb\u00e9s dans l&#8217;oubli et que tu rendes heureux ceux qui te lisent. &#8220;<\/em>M\u00e9lanie a dit oui<em>&#8221; devrait \u00eatre rembours\u00e9 par la S\u00e9curit\u00e9 Sociale !<\/em>&#8220;<\/p>\n<p style=\"text-align: justify;\"><strong>Jean Bourgeon, Professeur, Historien, Nantes\u00a0\u00a0\u00a0\u00a0\u00a0\u00a0\u00a0\u00a0\u00a0\u00a0\u00a0\u00a0\u00a0\u00a0 <\/strong><\/p>\n<p>&nbsp;<\/p>\n<p style=\"text-align: justify;\">&#8220;<em>Bravo pour la publication de cet ouvrage titanesque !<\/em>&#8220;<\/p>\n<p style=\"text-align: justify;\"><strong>Estelle L. Professeure, directrice de la revue <em>Recherches f\u00e9ministes<\/em>, Universit\u00e9 Laval, Qu\u00e9bec Canada<\/strong><\/p>\n<p>&nbsp;<\/p>\n<p style=\"text-align: justify;\">&#8220;(\u2026\/\u2026) <em>L&#8217;\u00e9criture est vive et agr\u00e9able, elle se lit comme un roman passionnant<\/em> (&#8230;\/&#8230;) <em>De nombreuses parties de l&#8217;histoire deviennent r\u00e9elles et sont tr\u00e8s nouvelles pour nous. La profondeur et l&#8217;\u00e9tendue de l&#8217;\u00e9criture sont incroyables<\/em> (\u2026\/\u2026) <em>C&#8217;est un livre qui devrait \u00eatre traduit dans de nombreuses langues et partag\u00e9 avec le monde. Il porte un th\u00e8me universel de ce qu&#8217;une personne ordinaire ferait lorsqu&#8217;on lui demande de choisir le courage<\/em> (\u2026\/\u2026) <em>esp\u00e9rant que beaucoup d&#8217;autres mettront la main sur ce livre<\/em> (&#8230;\/&#8230;) <em>Certains ont choisi d&#8217;aider, de prot\u00e9ger et d&#8217;abriter notre p\u00e8re lorsqu&#8217;il est tomb\u00e9 du ciel au-dessus de Sainte-Anne-Sur-Vilaine lorsque son avion a \u00e9t\u00e9 d\u00e9truit<\/em> (&#8230;\/&#8230;)&#8221;<\/p>\n<p style=\"text-align: justify;\"><strong>Denis &amp; Kathy O\u2019Leary-Koval New Jersey USA, fille de Cyril Koval mitrailleur du B17 abattu \u00e0 Ste Anne-sur-Vilaine <\/strong><\/p>\n<p><em>\u2014\u2014\u2014\u2014\u2014\u2014\u2014-<\/em><\/p>\n<p style=\"text-align: justify;\"><em>&#8220;<a href=\"http:\/\/labrodeusedemots.com\/index.php\/2022\/03\/10\/melanie-a-dit-oui-jean-claude-bourgeon\/\">M\u00e9lanie a dit oui\u201d \u2013 Guerre, R\u00e9sistance, aventures humaines, t\u00e9moignages et r\u00e9v\u00e9lations<\/a>,<\/em>\u00a0de Jean-Claude Bourgeon, La Brodeuse de Mots, avril 2022. Format : 16 x 24 cm. Poids : 1,3 kg. 966 pages dont 67 pages de photos et document. ISBN : 978-2-490468-06-5.<\/p>\n<p>&nbsp;<\/p>\n","protected":false},"excerpt":{"rendered":"<p>\u201cM\u00e9lanie a dit oui\u201d \u2013 Guerre, R\u00e9sistance, aventures humaines, t\u00e9moignages et r\u00e9v\u00e9lations. Nous laissons la parole aux lecteurs du livre, avec leurs mots : &#8220;Bien re\u00e7u LE livre. Quelle merveille ! Vraiment, je suis contente que tu te sois acharn\u00e9. J&#8217;ai commenc\u00e9 \u00e0 le d\u00e9vorer hier et n&#8217;arrivais pas \u00e0 d\u00e9crocher. C&#8217;est vraiment un livre &hellip; <\/p>\n","protected":false},"author":1,"featured_media":861,"comment_status":"closed","ping_status":"open","sticky":false,"template":"","format":"standard","meta":[],"categories":[9],"tags":[30,42,46,43,54,50,60],"_links":{"self":[{"href":"https:\/\/labrodeusedemots.com\/index.php\/wp-json\/wp\/v2\/posts\/990"}],"collection":[{"href":"https:\/\/labrodeusedemots.com\/index.php\/wp-json\/wp\/v2\/posts"}],"about":[{"href":"https:\/\/labrodeusedemots.com\/index.php\/wp-json\/wp\/v2\/types\/post"}],"author":[{"embeddable":true,"href":"https:\/\/labrodeusedemots.com\/index.php\/wp-json\/wp\/v2\/users\/1"}],"replies":[{"embeddable":true,"href":"https:\/\/labrodeusedemots.com\/index.php\/wp-json\/wp\/v2\/comments?post=990"}],"version-history":[{"count":5,"href":"https:\/\/labrodeusedemots.com\/index.php\/wp-json\/wp\/v2\/posts\/990\/revisions"}],"predecessor-version":[{"id":1019,"href":"https:\/\/labrodeusedemots.com\/index.php\/wp-json\/wp\/v2\/posts\/990\/revisions\/1019"}],"wp:featuredmedia":[{"embeddable":true,"href":"https:\/\/labrodeusedemots.com\/index.php\/wp-json\/wp\/v2\/media\/861"}],"wp:attachment":[{"href":"https:\/\/labrodeusedemots.com\/index.php\/wp-json\/wp\/v2\/media?parent=990"}],"wp:term":[{"taxonomy":"category","embeddable":true,"href":"https:\/\/labrodeusedemots.com\/index.php\/wp-json\/wp\/v2\/categories?post=990"},{"taxonomy":"post_tag","embeddable":true,"href":"https:\/\/labrodeusedemots.com\/index.php\/wp-json\/wp\/v2\/tags?post=990"}],"curies":[{"name":"wp","href":"https:\/\/api.w.org\/{rel}","templated":true}]}}