{"id":978,"date":"2022-08-01T16:17:46","date_gmt":"2022-08-01T14:17:46","guid":{"rendered":"http:\/\/labrodeusedemots.com\/?p=978"},"modified":"2022-08-25T21:17:53","modified_gmt":"2022-08-25T19:17:53","slug":"le-8-et-la-deesse-de-kathy-dauthuille-illustre-pas-alain-brechbuhl-conte","status":"publish","type":"post","link":"https:\/\/labrodeusedemots.com\/index.php\/2022\/08\/01\/le-8-et-la-deesse-de-kathy-dauthuille-illustre-pas-alain-brechbuhl-conte\/","title":{"rendered":"Le 8 et la D\u00e9esse, de Kathy Dauthuille, illustr\u00e9 par Alain Brechbuhl (conte)"},"content":{"rendered":"<h3 style=\"text-align: justify;\"><em><img loading=\"lazy\" class=\"alignleft wp-image-956\" src=\"http:\/\/labrodeusedemots.com\/wp-content\/uploads\/2022\/08\/DS-COUV-1-250-231x300.jpg\" alt=\"\" width=\"300\" height=\"390\" srcset=\"https:\/\/labrodeusedemots.com\/wp-content\/uploads\/2022\/08\/DS-COUV-1-250-231x300.jpg 231w, https:\/\/labrodeusedemots.com\/wp-content\/uploads\/2022\/08\/DS-COUV-1-250-46x60.jpg 46w, https:\/\/labrodeusedemots.com\/wp-content\/uploads\/2022\/08\/DS-COUV-1-250.jpg 250w\" sizes=\"(max-width: 300px) 100vw, 300px\" \/>Le 8 et la D\u00e9esse<\/em>, de Kathy Dauthuille &#8211; Illustrations d&#8217;Alain Brechbuhl<\/h3>\n<p>&nbsp;<\/p>\n<p style=\"text-align: justify;\"><span style=\"color: #42ceff; font-size: 24pt; background-color: #ffffff;\">12,00 \u20ac<\/span><\/p>\n<p>&nbsp;<\/p>\n<ul style=\"text-align: justify;\">\n<li>Genre : Conte illustr\u00e9<\/li>\n<li style=\"text-align: left;\">96 pages<\/li>\n<li>Format : 15 x 21 cm<\/li>\n<li style=\"text-align: left;\">ISBN : 978-2-36782-088-0<\/li>\n<li>Parution 2022<\/li>\n<\/ul>\n<p>&nbsp;<\/p>\n<h3 style=\"text-align: justify;\">Pr\u00e9sentation de l&#8217;\u00e9diteur<\/h3>\n<p><img loading=\"lazy\" class=\"alignright wp-image-965\" style=\"text-align: center;\" src=\"http:\/\/labrodeusedemots.com\/wp-content\/uploads\/2022\/08\/Alpilles-ciel-bleu.jpg\" alt=\"\" width=\"300\" height=\"224\" srcset=\"https:\/\/labrodeusedemots.com\/wp-content\/uploads\/2022\/08\/Alpilles-ciel-bleu.jpg 1861w, https:\/\/labrodeusedemots.com\/wp-content\/uploads\/2022\/08\/Alpilles-ciel-bleu-300x224.jpg 300w, https:\/\/labrodeusedemots.com\/wp-content\/uploads\/2022\/08\/Alpilles-ciel-bleu-1024x765.jpg 1024w, https:\/\/labrodeusedemots.com\/wp-content\/uploads\/2022\/08\/Alpilles-ciel-bleu-768x574.jpg 768w, https:\/\/labrodeusedemots.com\/wp-content\/uploads\/2022\/08\/Alpilles-ciel-bleu-1536x1148.jpg 1536w, https:\/\/labrodeusedemots.com\/wp-content\/uploads\/2022\/08\/Alpilles-ciel-bleu-80x60.jpg 80w\" sizes=\"(max-width: 300px) 100vw, 300px\" \/><\/p>\n<p style=\"text-align: justify;\"><em>Ombeline est une jeune femme enjou\u00e9e, curieuse d\u2019esprit, avide de d\u00e9couvertes et de voyages, fascin\u00e9e de longue date par les lieux sacr\u00e9s, ces endroits diss\u00e9min\u00e9s un peu partout sur Terre o\u00f9 l\u2019on se sent reli\u00e9s \u00e0 l\u2019Univers. Elle aime sp\u00e9cialement parcourir la nature qu\u2019elle reproduit en peinture et croquis\u00a0: des arbres tordus aux \u00e9tranges formes, des statues-menhirs, des\u00a0fontaines, des sources\u2026 tout ce qui est rattach\u00e9 aux anciens cultes pa\u00efens reprend vie sous ses mains.<\/em><\/p>\n<p style=\"text-align: justify;\"><em>Domicili\u00e9e dans les Alpilles, elle d\u00e9cide de se consacrer pour quelque temps aux divinit\u00e9s et autres lieux c\u00e9r\u00e9moniels li\u00e9s \u00e0 la Terre-M\u00e8re, \u00e0 la f\u00e9condit\u00e9, \u00e0 l\u2019eau, tr\u00e8s pr\u00e9sents dans cette r\u00e9gion, en compagnie de son oncle C\u00f4me et de la myst\u00e9rieuse Marane qui y vit en ermite.<\/em><\/p>\n<p style=\"text-align: justify;\"><img loading=\"lazy\" class=\"alignleft wp-image-954\" src=\"http:\/\/labrodeusedemots.com\/wp-content\/uploads\/2022\/08\/Kathy-Dauthuille-249x300.jpg\" alt=\"\" width=\"150\" height=\"181\" srcset=\"https:\/\/labrodeusedemots.com\/wp-content\/uploads\/2022\/08\/Kathy-Dauthuille-249x300.jpg 249w, https:\/\/labrodeusedemots.com\/wp-content\/uploads\/2022\/08\/Kathy-Dauthuille-849x1024.jpg 849w, https:\/\/labrodeusedemots.com\/wp-content\/uploads\/2022\/08\/Kathy-Dauthuille-768x926.jpg 768w, https:\/\/labrodeusedemots.com\/wp-content\/uploads\/2022\/08\/Kathy-Dauthuille-1274x1536.jpg 1274w, https:\/\/labrodeusedemots.com\/wp-content\/uploads\/2022\/08\/Kathy-Dauthuille-1698x2048.jpg 1698w, https:\/\/labrodeusedemots.com\/wp-content\/uploads\/2022\/08\/Kathy-Dauthuille-50x60.jpg 50w\" sizes=\"(max-width: 150px) 100vw, 150px\" \/>Pour cette nouvelle collaboration*, Kathy Dauthuille nous invite \u00e0 cheminer \u00e0 ses c\u00f4t\u00e9s dans les Alpilles \u00e0 la d\u00e9couverte d\u2019empreintes en lien avec le f\u00e9minin et les anciens cultes des d\u00e9esses glaniques de cette partie de la Provence occidentale. Cette fiction po\u00e9tique et symbolique autour de vestiges de pierres encore observables aujourd\u2019hui favorise la qu\u00eate de l&#8217;auteur qui se pla\u00eet \u00e0 explorer \u00e0 pied les chemins sauvages dans le plaisir de la d\u00e9couverte. En parall\u00e8le, la symbolique du nombre 8 est abord\u00e9e dans un contrebalancement ludique, aux \u00e9tonnantes facettes qui, au gr\u00e9 des bonheurs du conte, se joint parfois, comme par magie, \u00e0 l&#8217;\u00e9vocation de la D\u00e9esse.<\/p>\n<p>&nbsp;<\/p>\n<h3>Du m\u00eame auteur<\/h3>\n<p><a href=\"http:\/\/labrodeusedemots.com\/index.php\/2010\/11\/25\/les-voyageurs-au-sang-dor-de-kathy-dauthuille-roman\/\"><i>Les Voyageurs au sang d&#8217;Or<\/i><\/a>, roman<\/p>\n<p><a href=\"http:\/\/labrodeusedemots.com\/index.php\/2013\/05\/01\/tisserand-du-soleil-de-kathy-dauthuille-conte-illustre-par-florence-saptille\/\"><em>Tisserand du soleil<\/em><\/a>, conte illustr\u00e9 par Florence Saptille<\/p>\n<p>&nbsp;<\/p>\n<h3><strong>Commander &#8211; \u00c9dition papier<\/strong><\/h3>\n<p style=\"text-align: justify;\">Commander directement en ligne en cliquant ici :<\/p>\n<form action=\"https:\/\/www.paypal.com\/cgi-bin\/webscr\" method=\"post\" target=\"paypal\"><input name=\"cmd\" type=\"hidden\" value=\"_s-xclick\" \/><br \/>\n<input name=\"hosted_button_id\" type=\"hidden\" value=\"W86NDG7UKWPV4\" \/><br \/>\n<input alt=\"PayPal, le r\u00e9flexe s\u00e9curit\u00e9 pour payer en ligne\" name=\"submit\" src=\"https:\/\/www.paypalobjects.com\/fr_FR\/FR\/i\/btn\/btn_cart_LG.gif\" type=\"image\" \/><br \/>\n<img loading=\"lazy\" src=\"https:\/\/www.paypalobjects.com\/fr_FR\/i\/scr\/pixel.gif\" alt=\"\" width=\"1\" height=\"1\" border=\"0\" \/><\/form>\n<p style=\"text-align: justify;\">ou adressez-vous \u00e0 votre libraire habituel ou commandez par courrier en envoyant vos coordonn\u00e9es sur papier libre accompagn\u00e9 de votre r\u00e8glement de \u2026 x 12,00 \u20ac + 4,00 \u20ac de frais d\u2019exp\u00e9dition \u00e0 : Les \u00c9ditions du Puits de Roulle \u2013 9, chemin du Puits de Roulle \u2013 30900 N\u00eemes \u2013 Ch\u00e8que \u00e0 l\u2019ordre des \u00c9ditions du Puits de Roulle.<\/p>\n<h3>Commander &#8211; Livre num\u00e9rique<\/h3>\n<div align=\"center\">\n<p style=\"text-align: justify;\"><em>Le 8 et la D\u00e9esse, <\/em>de Kathy Dauthuille, illustr\u00e9 par Alain Brechbuhl &#8211; Non disponible au format ebook pour le moment.<\/p>\n<p style=\"text-align: justify;\">\n<\/div>\n","protected":false},"excerpt":{"rendered":"<p>Le 8 et la D\u00e9esse, de Kathy Dauthuille &#8211; Illustrations d&#8217;Alain Brechbuhl &nbsp; 12,00 \u20ac &nbsp; Genre : Conte illustr\u00e9 96 pages Format : 15 x 21 cm ISBN : 978-2-36782-088-0 Parution 2022 &nbsp; Pr\u00e9sentation de l&#8217;\u00e9diteur Ombeline est une jeune femme enjou\u00e9e, curieuse d\u2019esprit, avide de d\u00e9couvertes et de voyages, fascin\u00e9e de longue date &hellip; <\/p>\n","protected":false},"author":1,"featured_media":984,"comment_status":"closed","ping_status":"open","sticky":false,"template":"","format":"standard","meta":[],"categories":[10],"tags":[52,53,40,16,51],"_links":{"self":[{"href":"https:\/\/labrodeusedemots.com\/index.php\/wp-json\/wp\/v2\/posts\/978"}],"collection":[{"href":"https:\/\/labrodeusedemots.com\/index.php\/wp-json\/wp\/v2\/posts"}],"about":[{"href":"https:\/\/labrodeusedemots.com\/index.php\/wp-json\/wp\/v2\/types\/post"}],"author":[{"embeddable":true,"href":"https:\/\/labrodeusedemots.com\/index.php\/wp-json\/wp\/v2\/users\/1"}],"replies":[{"embeddable":true,"href":"https:\/\/labrodeusedemots.com\/index.php\/wp-json\/wp\/v2\/comments?post=978"}],"version-history":[{"count":6,"href":"https:\/\/labrodeusedemots.com\/index.php\/wp-json\/wp\/v2\/posts\/978\/revisions"}],"predecessor-version":[{"id":989,"href":"https:\/\/labrodeusedemots.com\/index.php\/wp-json\/wp\/v2\/posts\/978\/revisions\/989"}],"wp:featuredmedia":[{"embeddable":true,"href":"https:\/\/labrodeusedemots.com\/index.php\/wp-json\/wp\/v2\/media\/984"}],"wp:attachment":[{"href":"https:\/\/labrodeusedemots.com\/index.php\/wp-json\/wp\/v2\/media?parent=978"}],"wp:term":[{"taxonomy":"category","embeddable":true,"href":"https:\/\/labrodeusedemots.com\/index.php\/wp-json\/wp\/v2\/categories?post=978"},{"taxonomy":"post_tag","embeddable":true,"href":"https:\/\/labrodeusedemots.com\/index.php\/wp-json\/wp\/v2\/tags?post=978"}],"curies":[{"name":"wp","href":"https:\/\/api.w.org\/{rel}","templated":true}]}}