{"id":851,"date":"2022-05-13T18:12:53","date_gmt":"2022-05-13T16:12:53","guid":{"rendered":"http:\/\/labrodeusedemots.com\/?p=851"},"modified":"2023-02-22T16:46:13","modified_gmt":"2023-02-22T15:46:13","slug":"seance-de-dedicace-et-retrait-du-livre-melanie-a-dit-oui-guerre-resistance-aventures-humaines-temoignages-et-revelations","status":"publish","type":"post","link":"https:\/\/labrodeusedemots.com\/index.php\/2022\/05\/13\/seance-de-dedicace-et-retrait-du-livre-melanie-a-dit-oui-guerre-resistance-aventures-humaines-temoignages-et-revelations\/","title":{"rendered":"S\u00e9ance de d\u00e9dicace et retrait du livre \u00ab M\u00e9lanie a dit Oui Guerre, R\u00e9sistance, aventures humaines, t\u00e9moignages et r\u00e9v\u00e9lations \u00bb"},"content":{"rendered":"<p><img loading=\"lazy\" class=\"size-full wp-image-852 aligncenter\" src=\"http:\/\/labrodeusedemots.com\/wp-content\/uploads\/2022\/05\/Dedicace-14-05-2022.jpg\" alt=\"\" width=\"1008\" height=\"896\" srcset=\"https:\/\/labrodeusedemots.com\/wp-content\/uploads\/2022\/05\/Dedicace-14-05-2022.jpg 1008w, https:\/\/labrodeusedemots.com\/wp-content\/uploads\/2022\/05\/Dedicace-14-05-2022-300x267.jpg 300w, https:\/\/labrodeusedemots.com\/wp-content\/uploads\/2022\/05\/Dedicace-14-05-2022-768x683.jpg 768w, https:\/\/labrodeusedemots.com\/wp-content\/uploads\/2022\/05\/Dedicace-14-05-2022-68x60.jpg 68w\" sizes=\"(max-width: 1008px) 100vw, 1008px\" \/><\/p>\n<p style=\"text-align: center;\"><strong>* * * PROCHAIN RDV : Samedi 14 mai 2022, \u00e0 Messac (35) * * * <\/strong><\/p>\n<p style=\"text-align: justify;\"><span data-offset-key=\"cihup-0-0\">S\u00e9ance de d\u00e9dicace et retrait des pr\u00e9commandes du livre \u00ab <em>M\u00e9lanie a dit Oui Guerre, R\u00e9sistance, aventures humaines, t\u00e9moignages et r\u00e9v\u00e9lations<\/em> \u00bb <\/span><\/p>\n<p style=\"text-align: justify;\"><span data-offset-key=\"cihup-0-0\">Apr\u00e8s son lancement samedi dernier, Jean-Claude Bourgeon reviens ce samedi pour une s\u00e9ance de d\u00e9dicace et de retrait de son livre. <\/span><\/p>\n<p style=\"text-align: center;\"><span data-offset-key=\"cihup-0-0\">livre M. BOURGEON <\/span><\/p>\n<p style=\"text-align: center;\"><span data-offset-key=\"cihup-0-0\">14 MAI 2022 DE 14H00 \u00c0 17H00 <\/span><\/p>\n<p style=\"text-align: center;\"><span data-offset-key=\"cihup-0-0\">Lieu : Salle annexe mairie, 2 Rue Saint-Abdon, 35480 Guipry-Messac <\/span><\/p>\n<p style=\"text-align: justify;\"><span data-offset-key=\"cihup-0-0\">Possibilit\u00e9 pour les personnes int\u00e9ress\u00e9es de se procurer l\u2019ouvrage sur place pour 42 \u20ac. <\/span><\/p>\n<p style=\"text-align: justify;\"><a href=\"http:\/\/labrodeusedemots.com\/index.php\/tag\/melanie-a-dit-oui\/\"><span data-offset-key=\"cihup-0-0\">Revue de presse<\/span><\/a><\/p>\n<p><em>&#8220;M\u00e9lanie a dit oui&#8221; &#8211; Guerre, R\u00e9sistance, aventures humaines, t\u00e9moignages et r\u00e9v\u00e9lations,<\/em>\u00a0<span style=\"text-align: justify;\">document <\/span>de Jean-Claude Bourgeon, La Brodeuse de Mots, avril 2022. Format : 16 x 24 cm. Poids : 1,3 kg. 966 pages dont 67 pages de photos et document. ISBN : 978-2-490468-06-5.<\/p>\n<p>&nbsp;<\/p>\n","protected":false},"excerpt":{"rendered":"<p>* * * PROCHAIN RDV : Samedi 14 mai 2022, \u00e0 Messac (35) * * * S\u00e9ance de d\u00e9dicace et retrait des pr\u00e9commandes du livre \u00ab M\u00e9lanie a dit Oui Guerre, R\u00e9sistance, aventures humaines, t\u00e9moignages et r\u00e9v\u00e9lations \u00bb Apr\u00e8s son lancement samedi dernier, Jean-Claude Bourgeon reviens ce samedi pour une s\u00e9ance de d\u00e9dicace et de &hellip; <\/p>\n","protected":false},"author":1,"featured_media":854,"comment_status":"closed","ping_status":"open","sticky":false,"template":"","format":"standard","meta":[],"categories":[9],"tags":[30,42,46,43,50,60],"_links":{"self":[{"href":"https:\/\/labrodeusedemots.com\/index.php\/wp-json\/wp\/v2\/posts\/851"}],"collection":[{"href":"https:\/\/labrodeusedemots.com\/index.php\/wp-json\/wp\/v2\/posts"}],"about":[{"href":"https:\/\/labrodeusedemots.com\/index.php\/wp-json\/wp\/v2\/types\/post"}],"author":[{"embeddable":true,"href":"https:\/\/labrodeusedemots.com\/index.php\/wp-json\/wp\/v2\/users\/1"}],"replies":[{"embeddable":true,"href":"https:\/\/labrodeusedemots.com\/index.php\/wp-json\/wp\/v2\/comments?post=851"}],"version-history":[{"count":4,"href":"https:\/\/labrodeusedemots.com\/index.php\/wp-json\/wp\/v2\/posts\/851\/revisions"}],"predecessor-version":[{"id":1025,"href":"https:\/\/labrodeusedemots.com\/index.php\/wp-json\/wp\/v2\/posts\/851\/revisions\/1025"}],"wp:featuredmedia":[{"embeddable":true,"href":"https:\/\/labrodeusedemots.com\/index.php\/wp-json\/wp\/v2\/media\/854"}],"wp:attachment":[{"href":"https:\/\/labrodeusedemots.com\/index.php\/wp-json\/wp\/v2\/media?parent=851"}],"wp:term":[{"taxonomy":"category","embeddable":true,"href":"https:\/\/labrodeusedemots.com\/index.php\/wp-json\/wp\/v2\/categories?post=851"},{"taxonomy":"post_tag","embeddable":true,"href":"https:\/\/labrodeusedemots.com\/index.php\/wp-json\/wp\/v2\/tags?post=851"}],"curies":[{"name":"wp","href":"https:\/\/api.w.org\/{rel}","templated":true}]}}