{"id":767,"date":"2022-01-24T16:19:41","date_gmt":"2022-01-24T15:19:41","guid":{"rendered":"http:\/\/labrodeusedemots.com\/?p=767"},"modified":"2022-01-24T16:24:25","modified_gmt":"2022-01-24T15:24:25","slug":"cfcm-le-culte-nest-pas-laffaire-de-letat-par-tarik-yildiz","status":"publish","type":"post","link":"https:\/\/labrodeusedemots.com\/index.php\/2022\/01\/24\/cfcm-le-culte-nest-pas-laffaire-de-letat-par-tarik-yildiz\/","title":{"rendered":"&#8220;CFCM : le culte n&#8217;est pas l&#8217;affaire de l&#8217;\u00c9tat&#8221;, par Tarik Yildiz"},"content":{"rendered":"<p><img loading=\"lazy\" class=\"aligncenter size-full wp-image-768\" src=\"http:\/\/labrodeusedemots.com\/wp-content\/uploads\/2022\/01\/2022-01-23-TY-JDD-2.jpg\" alt=\"\" width=\"652\" height=\"511\" srcset=\"https:\/\/labrodeusedemots.com\/wp-content\/uploads\/2022\/01\/2022-01-23-TY-JDD-2.jpg 652w, https:\/\/labrodeusedemots.com\/wp-content\/uploads\/2022\/01\/2022-01-23-TY-JDD-2-300x235.jpg 300w, https:\/\/labrodeusedemots.com\/wp-content\/uploads\/2022\/01\/2022-01-23-TY-JDD-2-77x60.jpg 77w\" sizes=\"(max-width: 652px) 100vw, 652px\" \/><\/p>\n<p><span data-offset-key=\"6it1d-0-0\">Notre<\/span><span data-offset-key=\"6it1d-1-0\"> auteur Tarik Yildiz* signe une nouvelle tribune pour <em>Le Journal du Dimanche<\/em> : \u00ab CFCM : le culte n&#8217;est pas l&#8217;affaire de l&#8217;\u00c9tat \u00bb, \u00e0 <a href=\"https:\/\/www.lejdd.fr\/Societe\/tribune-tarik-yildiz-sociologue-cfcm-le-culte-nest-pas-laffaire-de-letat-4089317\">lire en ligne ici<\/a> ou ci-apr\u00e8s :<\/span><\/p>\n<p><img loading=\"lazy\" class=\"aligncenter size-large wp-image-779\" src=\"http:\/\/labrodeusedemots.com\/wp-content\/uploads\/2022\/01\/Logo-JDD-1-1-1024x326.jpg\" alt=\"\" width=\"1020\" height=\"325\" srcset=\"https:\/\/labrodeusedemots.com\/wp-content\/uploads\/2022\/01\/Logo-JDD-1-1-1024x326.jpg 1024w, https:\/\/labrodeusedemots.com\/wp-content\/uploads\/2022\/01\/Logo-JDD-1-1-300x95.jpg 300w, https:\/\/labrodeusedemots.com\/wp-content\/uploads\/2022\/01\/Logo-JDD-1-1-768x244.jpg 768w, https:\/\/labrodeusedemots.com\/wp-content\/uploads\/2022\/01\/Logo-JDD-1-1-1536x489.jpg 1536w, https:\/\/labrodeusedemots.com\/wp-content\/uploads\/2022\/01\/Logo-JDD-1-1-188x60.jpg 188w, https:\/\/labrodeusedemots.com\/wp-content\/uploads\/2022\/01\/Logo-JDD-1-1.jpg 1998w\" sizes=\"(max-width: 1020px) 100vw, 1020px\" \/><\/p>\n<p>&nbsp;<\/p>\n<p><img loading=\"lazy\" class=\"aligncenter wp-image-769 size-large\" src=\"http:\/\/labrodeusedemots.com\/wp-content\/uploads\/2022\/01\/2022-01-23-TY-JDD-1024x846.jpg\" alt=\"\" width=\"1020\" height=\"843\" srcset=\"https:\/\/labrodeusedemots.com\/wp-content\/uploads\/2022\/01\/2022-01-23-TY-JDD-1024x846.jpg 1024w, https:\/\/labrodeusedemots.com\/wp-content\/uploads\/2022\/01\/2022-01-23-TY-JDD-300x248.jpg 300w, https:\/\/labrodeusedemots.com\/wp-content\/uploads\/2022\/01\/2022-01-23-TY-JDD-768x634.jpg 768w, https:\/\/labrodeusedemots.com\/wp-content\/uploads\/2022\/01\/2022-01-23-TY-JDD-1536x1269.jpg 1536w, https:\/\/labrodeusedemots.com\/wp-content\/uploads\/2022\/01\/2022-01-23-TY-JDD-73x60.jpg 73w, https:\/\/labrodeusedemots.com\/wp-content\/uploads\/2022\/01\/2022-01-23-TY-JDD.jpg 1603w\" sizes=\"(max-width: 1020px) 100vw, 1020px\" \/><\/p>\n<p><span data-offset-key=\"af2v1-3-0\">_____________<\/span><\/p>\n<p>* Tarik Yildiz est sociologue, auteur notamment de \u201c<a href=\"http:\/\/labrodeusedemots.com\/index.php\/2020\/11\/27\/de-la-fatigue-detre-soi-au-pret-a-croire-lutter-contre-la-delinquance-pour-combattre-le-radicalisme-islamiste-tarik-yildiz-essai\/\"><em>De la fatigue d\u2019\u00eatre soi au pr\u00eat-\u00e0-croire. Lutter contre la d\u00e9linquance pour combattre le radicalisme islamiste<\/em><\/a>\u201d (\u00e9ditions du Puits de Roulle, d\u00e9cembre 2020)<\/p>\n<p>&nbsp;<\/p>\n<p>&nbsp;<\/p>\n","protected":false},"excerpt":{"rendered":"<p>Notre auteur Tarik Yildiz* signe une nouvelle tribune pour Le Journal du Dimanche : \u00ab CFCM : le culte n&#8217;est pas l&#8217;affaire de l&#8217;\u00c9tat \u00bb, \u00e0 lire en ligne ici ou ci-apr\u00e8s : &nbsp; _____________ * Tarik Yildiz est sociologue, auteur notamment de \u201cDe la fatigue d\u2019\u00eatre soi au pr\u00eat-\u00e0-croire. Lutter contre la d\u00e9linquance pour &hellip; <\/p>\n","protected":false},"author":1,"featured_media":777,"comment_status":"closed","ping_status":"open","sticky":false,"template":"","format":"standard","meta":[],"categories":[9],"tags":[21],"_links":{"self":[{"href":"https:\/\/labrodeusedemots.com\/index.php\/wp-json\/wp\/v2\/posts\/767"}],"collection":[{"href":"https:\/\/labrodeusedemots.com\/index.php\/wp-json\/wp\/v2\/posts"}],"about":[{"href":"https:\/\/labrodeusedemots.com\/index.php\/wp-json\/wp\/v2\/types\/post"}],"author":[{"embeddable":true,"href":"https:\/\/labrodeusedemots.com\/index.php\/wp-json\/wp\/v2\/users\/1"}],"replies":[{"embeddable":true,"href":"https:\/\/labrodeusedemots.com\/index.php\/wp-json\/wp\/v2\/comments?post=767"}],"version-history":[{"count":4,"href":"https:\/\/labrodeusedemots.com\/index.php\/wp-json\/wp\/v2\/posts\/767\/revisions"}],"predecessor-version":[{"id":780,"href":"https:\/\/labrodeusedemots.com\/index.php\/wp-json\/wp\/v2\/posts\/767\/revisions\/780"}],"wp:featuredmedia":[{"embeddable":true,"href":"https:\/\/labrodeusedemots.com\/index.php\/wp-json\/wp\/v2\/media\/777"}],"wp:attachment":[{"href":"https:\/\/labrodeusedemots.com\/index.php\/wp-json\/wp\/v2\/media?parent=767"}],"wp:term":[{"taxonomy":"category","embeddable":true,"href":"https:\/\/labrodeusedemots.com\/index.php\/wp-json\/wp\/v2\/categories?post=767"},{"taxonomy":"post_tag","embeddable":true,"href":"https:\/\/labrodeusedemots.com\/index.php\/wp-json\/wp\/v2\/tags?post=767"}],"curies":[{"name":"wp","href":"https:\/\/api.w.org\/{rel}","templated":true}]}}