{"id":648,"date":"2021-03-16T18:43:27","date_gmt":"2021-03-16T17:43:27","guid":{"rendered":"http:\/\/labrodeusedemots.com\/?p=648"},"modified":"2021-03-16T18:44:19","modified_gmt":"2021-03-16T17:44:19","slug":"roger-lahana-interviewe-par-le-journal-de-la-fondation-30-millions-damis","status":"publish","type":"post","link":"https:\/\/labrodeusedemots.com\/index.php\/2021\/03\/16\/roger-lahana-interviewe-par-le-journal-de-la-fondation-30-millions-damis\/","title":{"rendered":"Roger Lahana, interview\u00e9 par le journal de la Fondation 30 Millions d&#8217;amis"},"content":{"rendered":"<p><span style=\"text-decoration: underline;\"><span style=\"color: #0070c0;\"><strong><span style=\"font-family: arial, helvetica, sans-serif;\"><span style=\"font-size: 14pt;\">15<\/span> MARS <span style=\"font-size: 14pt;\">2021<\/span><\/span><\/strong><\/span><\/span><\/p>\n<div class=\"\" data-block=\"true\" data-editor=\"5te9e\" data-offset-key=\"2migb-0-0\">\n<div data-offset-key=\"2migb-0-0\"><img loading=\"lazy\" class=\"aligncenter size-full wp-image-649\" src=\"http:\/\/labrodeusedemots.com\/wp-content\/uploads\/2021\/03\/RL-30-Millions-damis-2021-03-scaled.jpg\" alt=\"\" width=\"2560\" height=\"1408\" srcset=\"https:\/\/labrodeusedemots.com\/wp-content\/uploads\/2021\/03\/RL-30-Millions-damis-2021-03-scaled.jpg 2560w, https:\/\/labrodeusedemots.com\/wp-content\/uploads\/2021\/03\/RL-30-Millions-damis-2021-03-300x165.jpg 300w, https:\/\/labrodeusedemots.com\/wp-content\/uploads\/2021\/03\/RL-30-Millions-damis-2021-03-1024x563.jpg 1024w, https:\/\/labrodeusedemots.com\/wp-content\/uploads\/2021\/03\/RL-30-Millions-damis-2021-03-768x422.jpg 768w, https:\/\/labrodeusedemots.com\/wp-content\/uploads\/2021\/03\/RL-30-Millions-damis-2021-03-1536x845.jpg 1536w, https:\/\/labrodeusedemots.com\/wp-content\/uploads\/2021\/03\/RL-30-Millions-damis-2021-03-2048x1126.jpg 2048w, https:\/\/labrodeusedemots.com\/wp-content\/uploads\/2021\/03\/RL-30-Millions-damis-2021-03-109x60.jpg 109w\" sizes=\"(max-width: 2560px) 100vw, 2560px\" \/><\/div>\n<div class=\"_1mf _1mj\" style=\"text-align: justify;\" data-offset-key=\"2migb-0-0\"><span data-offset-key=\"2migb-0-0\">Notre<\/span><span data-offset-key=\"2migb-1-0\"> auteur, Roger Lahana*, vient d&#8217;\u00eatre interview\u00e9 par le journal de la Fondation 30 millions d&#8217;amis au sujet de la fin prochaine des corridas en Am\u00e9rique du sud : &#8220;<em><a href=\"https:\/\/www.30millionsdamis.fr\/actualites\/article\/19107-la-crise-sanitaire-portera-t-elle-lestocade-finale-a-la-corrida\/\">La crise sanitaire portera-t-elle l&#8217;estocade finale \u00e0 la corrida ?<\/a><\/em>&#8221;\u00a0<\/span><\/div>\n<\/div>\n<div class=\"\" style=\"text-align: justify;\" data-block=\"true\" data-editor=\"5te9e\" data-offset-key=\"6t7e7-0-0\">\n<div class=\"_1mf _1mj\" data-offset-key=\"6t7e7-0-0\"><span data-offset-key=\"6t7e7-0-0\">\u00a0<\/span><\/div>\n<\/div>\n<div class=\"\" style=\"text-align: justify;\" data-block=\"true\" data-editor=\"5te9e\" data-offset-key=\"dn9bl-0-0\">\n<div class=\"_1mf _1mj\" data-offset-key=\"dn9bl-0-0\"><span data-offset-key=\"dn9bl-0-0\">\u2014\u2014\u2014\u2014\u2014\u2014\u2014\u2014\u2014\u2014\u2014\u2014\u2014\u2014\u2014\u2014\u2014\u2014\u2014\u2014\u2014\u2013<\/span><\/div>\n<\/div>\n<div class=\"\" style=\"text-align: justify;\" data-block=\"true\" data-editor=\"5te9e\" data-offset-key=\"bvmgs-0-0\">\n<div class=\"_1mf _1mj\" data-offset-key=\"bvmgs-0-0\"><span data-offset-key=\"bvmgs-0-0\">\u00a0<\/span><\/div>\n<\/div>\n<div class=\"\" style=\"text-align: justify;\" data-block=\"true\" data-editor=\"5te9e\" data-offset-key=\"1nruv-0-0\">\n<div class=\"_1mf _1mj\" data-offset-key=\"1nruv-0-0\"><span data-offset-key=\"1nruv-0-0\">* Fondamentalement engag\u00e9 dans la protection animale, Roger Lahana est Pr\u00e9sidente de l\u2019<a href=\"https:\/\/nocorrida.com\/\">association No Corrida<\/a> et secr\u00e9taire de <a href=\"https:\/\/flac-anticorrida.org\/\">la FLAC (F\u00e9d\u00e9ration des Luttes pour l&#8217;Abolition des Corridas)<\/a>.<\/span><\/div>\n<\/div>\n<div class=\"\" style=\"text-align: justify;\" data-block=\"true\" data-editor=\"5te9e\" data-offset-key=\"24cp-0-0\">\n<div class=\"_1mf _1mj\" data-offset-key=\"24cp-0-0\"><span data-offset-key=\"24cp-0-0\">\u00a0<\/span><\/div>\n<\/div>\n<div class=\"\" style=\"text-align: justify;\" data-block=\"true\" data-editor=\"5te9e\" data-offset-key=\"7tumc-0-0\">\n<div class=\"_1mf _1mj\" data-offset-key=\"7tumc-0-0\"><span data-offset-key=\"7tumc-0-0\">Il est l&#8217;auteur de <a href=\"http:\/\/labrodeusedemots.com\/index.php\/2014\/03\/16\/corrida-la-honte-les-dessous-de-la-tauromachie-roger-lahana\/\"><em>Corrida la honte \u2013 Les dessous de la tauromachie<\/em><\/a> et de <a href=\"http:\/\/labrodeusedemots.com\/index.php\/2016\/03\/16\/violences-dans-les-arenes-rodilhan-le-proces-de-roger-lahana\/\"><em>Violences dans les ar\u00e8nes<\/em><\/a> publi\u00e9s aux \u00e9ditions du Puits de Roulle et de <em>Contre l\u2019exploitation animale<\/em>\u00a0avec Andr\u00e9-Joseph Bouglione, aux \u00e9ditions Tchou. <\/span><\/div>\n<\/div>\n<div class=\"\" style=\"text-align: justify;\" data-block=\"true\" data-editor=\"5te9e\" data-offset-key=\"73lkm-0-0\">\n<div class=\"_1mf _1mj\" data-offset-key=\"73lkm-0-0\"><span data-offset-key=\"73lkm-0-0\">\u00a0<\/span><\/div>\n<\/div>\n","protected":false},"excerpt":{"rendered":"<p>15 MARS 2021 Notre auteur, Roger Lahana*, vient d&#8217;\u00eatre interview\u00e9 par le journal de la Fondation 30 millions d&#8217;amis au sujet de la fin prochaine des corridas en Am\u00e9rique du sud : &#8220;La crise sanitaire portera-t-elle l&#8217;estocade finale \u00e0 la corrida ?&#8221;\u00a0 \u00a0 \u2014\u2014\u2014\u2014\u2014\u2014\u2014\u2014\u2014\u2014\u2014\u2014\u2014\u2014\u2014\u2014\u2014\u2014\u2014\u2014\u2014\u2013 \u00a0 * Fondamentalement engag\u00e9 dans la protection animale, Roger Lahana est &hellip; <\/p>\n","protected":false},"author":1,"featured_media":650,"comment_status":"closed","ping_status":"open","sticky":false,"template":"","format":"standard","meta":[],"categories":[9],"tags":[29],"_links":{"self":[{"href":"https:\/\/labrodeusedemots.com\/index.php\/wp-json\/wp\/v2\/posts\/648"}],"collection":[{"href":"https:\/\/labrodeusedemots.com\/index.php\/wp-json\/wp\/v2\/posts"}],"about":[{"href":"https:\/\/labrodeusedemots.com\/index.php\/wp-json\/wp\/v2\/types\/post"}],"author":[{"embeddable":true,"href":"https:\/\/labrodeusedemots.com\/index.php\/wp-json\/wp\/v2\/users\/1"}],"replies":[{"embeddable":true,"href":"https:\/\/labrodeusedemots.com\/index.php\/wp-json\/wp\/v2\/comments?post=648"}],"version-history":[{"count":1,"href":"https:\/\/labrodeusedemots.com\/index.php\/wp-json\/wp\/v2\/posts\/648\/revisions"}],"predecessor-version":[{"id":663,"href":"https:\/\/labrodeusedemots.com\/index.php\/wp-json\/wp\/v2\/posts\/648\/revisions\/663"}],"wp:featuredmedia":[{"embeddable":true,"href":"https:\/\/labrodeusedemots.com\/index.php\/wp-json\/wp\/v2\/media\/650"}],"wp:attachment":[{"href":"https:\/\/labrodeusedemots.com\/index.php\/wp-json\/wp\/v2\/media?parent=648"}],"wp:term":[{"taxonomy":"category","embeddable":true,"href":"https:\/\/labrodeusedemots.com\/index.php\/wp-json\/wp\/v2\/categories?post=648"},{"taxonomy":"post_tag","embeddable":true,"href":"https:\/\/labrodeusedemots.com\/index.php\/wp-json\/wp\/v2\/tags?post=648"}],"curies":[{"name":"wp","href":"https:\/\/api.w.org\/{rel}","templated":true}]}}