{"id":644,"date":"2021-03-15T12:27:32","date_gmt":"2021-03-15T11:27:32","guid":{"rendered":"http:\/\/labrodeusedemots.com\/?p=644"},"modified":"2021-03-16T17:51:43","modified_gmt":"2021-03-16T16:51:43","slug":"644","status":"publish","type":"post","link":"https:\/\/labrodeusedemots.com\/index.php\/2021\/03\/15\/644\/","title":{"rendered":"Nouvelle tribune de Tarik Yildiz pour Le Causeur"},"content":{"rendered":"<p><span style=\"text-decoration: underline;\"><span style=\"color: #0070c0;\"><strong><span style=\"font-family: arial, helvetica, sans-serif;\"><span style=\"font-size: 14pt;\">12<\/span> MARS <span style=\"font-size: 14pt;\">2021<\/span><\/span><\/strong><\/span><\/span><\/p>\n<p><img loading=\"lazy\" class=\"aligncenter size-full wp-image-645\" src=\"http:\/\/labrodeusedemots.com\/wp-content\/uploads\/2021\/03\/2021-03-12-TY-Le-Causeur.jpg\" alt=\"\" width=\"1275\" height=\"923\" srcset=\"https:\/\/labrodeusedemots.com\/wp-content\/uploads\/2021\/03\/2021-03-12-TY-Le-Causeur.jpg 1275w, https:\/\/labrodeusedemots.com\/wp-content\/uploads\/2021\/03\/2021-03-12-TY-Le-Causeur-300x217.jpg 300w, https:\/\/labrodeusedemots.com\/wp-content\/uploads\/2021\/03\/2021-03-12-TY-Le-Causeur-1024x741.jpg 1024w, https:\/\/labrodeusedemots.com\/wp-content\/uploads\/2021\/03\/2021-03-12-TY-Le-Causeur-768x556.jpg 768w, https:\/\/labrodeusedemots.com\/wp-content\/uploads\/2021\/03\/2021-03-12-TY-Le-Causeur-83x60.jpg 83w\" sizes=\"(max-width: 1275px) 100vw, 1275px\" \/><\/p>\n<div class=\"kvgmc6g5 cxmmr5t8 oygrvhab hcukyx3x c1et5uql ii04i59q\">\n<div dir=\"auto\">Notre auteur, Tarik Yildiz, publie une nouvelle tribune : &#8220;<em><a href=\"https:\/\/www.causeur.fr\/nation-contre-islamo-gauchisme-la-crainte-du-developpement-dune-contre-societe-193027\">Nation contre \u00abislamo-gauchisme\u00bb : la crainte du d\u00e9veloppement d\u2019une contre-soci\u00e9t\u00e9<\/a><\/em>&#8220;, pour <em>Le Causeur<\/em>.<\/div>\n<\/div>\n<p><span data-offset-key=\"af2v1-3-0\">_____________<\/span><\/p>\n<p>* Tarik Yildiz est sociologue, auteur notamment de \u201c<a href=\"http:\/\/labrodeusedemots.com\/index.php\/2020\/11\/27\/de-la-fatigue-detre-soi-au-pret-a-croire-lutter-contre-la-delinquance-pour-combattre-le-radicalisme-islamiste-tarik-yildiz-essai\/\"><em>De la fatigue d\u2019\u00eatre soi au pr\u00eat-\u00e0-croire. Lutter contre la d\u00e9linquance pour combattre le radicalisme islamiste<\/em><\/a>\u201d (\u00e9ditions du Puits de Roulle, d\u00e9cembre 2020)<\/p>\n","protected":false},"excerpt":{"rendered":"<p>12 MARS 2021 Notre auteur, Tarik Yildiz, publie une nouvelle tribune : &#8220;Nation contre \u00abislamo-gauchisme\u00bb : la crainte du d\u00e9veloppement d\u2019une contre-soci\u00e9t\u00e9&#8220;, pour Le Causeur. _____________ * Tarik Yildiz est sociologue, auteur notamment de \u201cDe la fatigue d\u2019\u00eatre soi au pr\u00eat-\u00e0-croire. Lutter contre la d\u00e9linquance pour combattre le radicalisme islamiste\u201d (\u00e9ditions du Puits de Roulle, &hellip; <\/p>\n","protected":false},"author":1,"featured_media":646,"comment_status":"closed","ping_status":"open","sticky":false,"template":"","format":"standard","meta":[],"categories":[9],"tags":[21],"_links":{"self":[{"href":"https:\/\/labrodeusedemots.com\/index.php\/wp-json\/wp\/v2\/posts\/644"}],"collection":[{"href":"https:\/\/labrodeusedemots.com\/index.php\/wp-json\/wp\/v2\/posts"}],"about":[{"href":"https:\/\/labrodeusedemots.com\/index.php\/wp-json\/wp\/v2\/types\/post"}],"author":[{"embeddable":true,"href":"https:\/\/labrodeusedemots.com\/index.php\/wp-json\/wp\/v2\/users\/1"}],"replies":[{"embeddable":true,"href":"https:\/\/labrodeusedemots.com\/index.php\/wp-json\/wp\/v2\/comments?post=644"}],"version-history":[{"count":2,"href":"https:\/\/labrodeusedemots.com\/index.php\/wp-json\/wp\/v2\/posts\/644\/revisions"}],"predecessor-version":[{"id":651,"href":"https:\/\/labrodeusedemots.com\/index.php\/wp-json\/wp\/v2\/posts\/644\/revisions\/651"}],"wp:featuredmedia":[{"embeddable":true,"href":"https:\/\/labrodeusedemots.com\/index.php\/wp-json\/wp\/v2\/media\/646"}],"wp:attachment":[{"href":"https:\/\/labrodeusedemots.com\/index.php\/wp-json\/wp\/v2\/media?parent=644"}],"wp:term":[{"taxonomy":"category","embeddable":true,"href":"https:\/\/labrodeusedemots.com\/index.php\/wp-json\/wp\/v2\/categories?post=644"},{"taxonomy":"post_tag","embeddable":true,"href":"https:\/\/labrodeusedemots.com\/index.php\/wp-json\/wp\/v2\/tags?post=644"}],"curies":[{"name":"wp","href":"https:\/\/api.w.org\/{rel}","templated":true}]}}