{"id":623,"date":"2021-02-08T14:51:38","date_gmt":"2021-02-08T13:51:38","guid":{"rendered":"http:\/\/labrodeusedemots.com\/?p=623"},"modified":"2021-02-08T15:07:04","modified_gmt":"2021-02-08T14:07:04","slug":"tarik-yildiz-interview-pour-la-1ere-chaine-de-tv-tcheque","status":"publish","type":"post","link":"https:\/\/labrodeusedemots.com\/index.php\/2021\/02\/08\/tarik-yildiz-interview-pour-la-1ere-chaine-de-tv-tcheque\/","title":{"rendered":"Tarik Yildiz, interview pour la 1\u00e8re cha\u00eene de TV tch\u00e8que"},"content":{"rendered":"<p><span data-offset-key=\"af2v1-0-0\"><img loading=\"lazy\" class=\"aligncenter size-full wp-image-624\" src=\"http:\/\/labrodeusedemots.com\/wp-content\/uploads\/2021\/02\/2021-02-04-TY-TV-TCHEQUE.jpg\" alt=\"\" width=\"1592\" height=\"1192\" srcset=\"https:\/\/labrodeusedemots.com\/wp-content\/uploads\/2021\/02\/2021-02-04-TY-TV-TCHEQUE.jpg 1592w, https:\/\/labrodeusedemots.com\/wp-content\/uploads\/2021\/02\/2021-02-04-TY-TV-TCHEQUE-300x225.jpg 300w, https:\/\/labrodeusedemots.com\/wp-content\/uploads\/2021\/02\/2021-02-04-TY-TV-TCHEQUE-1024x767.jpg 1024w, https:\/\/labrodeusedemots.com\/wp-content\/uploads\/2021\/02\/2021-02-04-TY-TV-TCHEQUE-768x575.jpg 768w, https:\/\/labrodeusedemots.com\/wp-content\/uploads\/2021\/02\/2021-02-04-TY-TV-TCHEQUE-1536x1150.jpg 1536w, https:\/\/labrodeusedemots.com\/wp-content\/uploads\/2021\/02\/2021-02-04-TY-TV-TCHEQUE-80x60.jpg 80w\" sizes=\"(max-width: 1592px) 100vw, 1592px\" \/><\/span><\/p>\n<p style=\"text-align: justify;\">Dans le cadre des d\u00e9bats en France concernant le projet de loi contre le s\u00e9paratisme, notre auteur, Tarik Yildiz*, a \u00e9t\u00e9 interview\u00e9 pour le journal &#8220;<em>Ud\u00e1losti<\/em>&#8220;, le journal de la 1\u00e8re cha\u00eene de la T\u00e9l\u00e9vision tch\u00e8que CT1 diffus\u00e9 aussi sur la cha\u00eene d&#8217;information en continu CT24 dont l&#8217;audience est de l&#8217;ordre d&#8217;un million de spectateurs.<\/p>\n<p style=\"text-align: justify;\"><span data-offset-key=\"af2v1-1-0\">Sujet \u00e0 <a href=\"https:\/\/www.ceskatelevize.cz\/porady\/1097181328-udalosti\/221411000100201\/video\/817002\">voir en ligne ici.<\/a><\/span><\/p>\n<p style=\"text-align: justify;\"><span data-offset-key=\"af2v1-3-0\">_____________ <\/span><\/p>\n<p style=\"text-align: justify;\">* Tarik Yildiz est sociologue, auteur notamment de \u201c<a href=\"http:\/\/labrodeusedemots.com\/index.php\/2020\/11\/27\/de-la-fatigue-detre-soi-au-pret-a-croire-lutter-contre-la-delinquance-pour-combattre-le-radicalisme-islamiste-tarik-yildiz-essai\/\"><em>De la fatigue d\u2019\u00eatre soi au pr\u00eat-\u00e0-croire. Lutter contre la d\u00e9linquance pour combattre le radicalisme islamiste<\/em><\/a>\u201d (\u00e9ditions du Puits de Roulle, d\u00e9cembre 2020)<\/p>\n","protected":false},"excerpt":{"rendered":"<p>Dans le cadre des d\u00e9bats en France concernant le projet de loi contre le s\u00e9paratisme, notre auteur, Tarik Yildiz*, a \u00e9t\u00e9 interview\u00e9 pour le journal &#8220;Ud\u00e1losti&#8220;, le journal de la 1\u00e8re cha\u00eene de la T\u00e9l\u00e9vision tch\u00e8que CT1 diffus\u00e9 aussi sur la cha\u00eene d&#8217;information en continu CT24 dont l&#8217;audience est de l&#8217;ordre d&#8217;un million de spectateurs. &hellip; <\/p>\n","protected":false},"author":1,"featured_media":625,"comment_status":"closed","ping_status":"open","sticky":false,"template":"","format":"standard","meta":[],"categories":[9],"tags":[21],"_links":{"self":[{"href":"https:\/\/labrodeusedemots.com\/index.php\/wp-json\/wp\/v2\/posts\/623"}],"collection":[{"href":"https:\/\/labrodeusedemots.com\/index.php\/wp-json\/wp\/v2\/posts"}],"about":[{"href":"https:\/\/labrodeusedemots.com\/index.php\/wp-json\/wp\/v2\/types\/post"}],"author":[{"embeddable":true,"href":"https:\/\/labrodeusedemots.com\/index.php\/wp-json\/wp\/v2\/users\/1"}],"replies":[{"embeddable":true,"href":"https:\/\/labrodeusedemots.com\/index.php\/wp-json\/wp\/v2\/comments?post=623"}],"version-history":[{"count":2,"href":"https:\/\/labrodeusedemots.com\/index.php\/wp-json\/wp\/v2\/posts\/623\/revisions"}],"predecessor-version":[{"id":627,"href":"https:\/\/labrodeusedemots.com\/index.php\/wp-json\/wp\/v2\/posts\/623\/revisions\/627"}],"wp:featuredmedia":[{"embeddable":true,"href":"https:\/\/labrodeusedemots.com\/index.php\/wp-json\/wp\/v2\/media\/625"}],"wp:attachment":[{"href":"https:\/\/labrodeusedemots.com\/index.php\/wp-json\/wp\/v2\/media?parent=623"}],"wp:term":[{"taxonomy":"category","embeddable":true,"href":"https:\/\/labrodeusedemots.com\/index.php\/wp-json\/wp\/v2\/categories?post=623"},{"taxonomy":"post_tag","embeddable":true,"href":"https:\/\/labrodeusedemots.com\/index.php\/wp-json\/wp\/v2\/tags?post=623"}],"curies":[{"name":"wp","href":"https:\/\/api.w.org\/{rel}","templated":true}]}}