{"id":562,"date":"2020-12-16T15:05:59","date_gmt":"2020-12-16T14:05:59","guid":{"rendered":"http:\/\/labrodeusedemots.com\/?p=562"},"modified":"2021-01-18T15:17:00","modified_gmt":"2021-01-18T14:17:00","slug":"notre-auteur-roger-lahana-a-lhonneur-dans-charlie-hebdo","status":"publish","type":"post","link":"https:\/\/labrodeusedemots.com\/index.php\/2020\/12\/16\/notre-auteur-roger-lahana-a-lhonneur-dans-charlie-hebdo\/","title":{"rendered":"Notre auteur Roger Lahana, \u00e0 l&#8217;honneur dans Charlie Hebdo"},"content":{"rendered":"<p><span style=\"text-decoration: underline;\"><span style=\"color: #0070c0;\"><strong><span style=\"font-family: arial, helvetica, sans-serif;\"><span style=\"font-size: 14pt;\">16<\/span> D\u00c9CEMBRE <span style=\"font-size: 14pt;\">2020<\/span><\/span><\/strong><\/span><\/span><\/p>\n<p style=\"text-align: justify;\"><img loading=\"lazy\" class=\"size-full wp-image-563 aligncenter\" src=\"http:\/\/labrodeusedemots.com\/wp-content\/uploads\/2021\/01\/2020-12-21-RL-Charlie-Hebdo.jpg\" alt=\"\" width=\"895\" height=\"872\" srcset=\"https:\/\/labrodeusedemots.com\/wp-content\/uploads\/2021\/01\/2020-12-21-RL-Charlie-Hebdo.jpg 895w, https:\/\/labrodeusedemots.com\/wp-content\/uploads\/2021\/01\/2020-12-21-RL-Charlie-Hebdo-300x292.jpg 300w, https:\/\/labrodeusedemots.com\/wp-content\/uploads\/2021\/01\/2020-12-21-RL-Charlie-Hebdo-768x748.jpg 768w, https:\/\/labrodeusedemots.com\/wp-content\/uploads\/2021\/01\/2020-12-21-RL-Charlie-Hebdo-62x60.jpg 62w\" sizes=\"(max-width: 895px) 100vw, 895px\" \/><\/p>\n<p style=\"text-align: justify;\"><span class=\"py34i1dx\"><span data-offset-key=\"eh62k-2-0\">Notre auteur Roger Lahana*, \u00e0 l&#8217;honneur dans <em>Charlie Hebdo<\/em>, <a href=\"https:\/\/charliehebdo.fr\/2020\/12\/ecologie\/belles-choses-a-picorer\/\">Les Puces, de Luce Lapin<\/a>.<\/span><\/span><\/p>\n<p style=\"text-align: justify;\"><span data-offset-key=\"eh62k-3-0\">Fondamentalement engag\u00e9 dans la protection animale, Roger Lahana, Pr\u00e9sidente de l&#8217;<a href=\"https:\/\/nocorrida.com\/\">association No Corrida<\/a> et secr\u00e9taire de <a href=\"https:\/\/flac-anticorrida.org\/\">la FLAC<\/a> est i<a href=\"https:\/\/nocorrida.com\/2020\/12\/18\/intervention-de-roger-lahana-devant-le-conseil-constitutionnel-de-lequateur-17-12-20\/\">ntervenu devant le Conseil Constitutionnel de l\u2019Equateur, le 17\/12\/20 dernier.<\/a><\/span><\/p>\n<p style=\"text-align: justify;\"><span data-offset-key=\"eh62k-5-0\">Roger Lahana, auteur de &#8220;<a href=\"http:\/\/labrodeusedemots.com\/index.php\/catalogue-les-editions-du-puits-de-roulle\/\"><em>Corrida la honte &#8211; Les dessous de la tauromachie<\/em>&#8221; <\/a>et de <a href=\"http:\/\/labrodeusedemots.com\/index.php\/catalogue-les-editions-du-puits-de-roulle\/\">&#8220;<em>Violences dans les ar\u00e8nes<\/em><\/a>&#8221; publi\u00e9s aux \u00e9ditions du Puits de Roulle et de &#8220;<em>Contre l&#8217;exploitation animale<\/em>&#8221; avec Andr\u00e9-Joseph Bouglione, aux \u00e9ditions Tchou.\u00a0<\/span><\/p>\n","protected":false},"excerpt":{"rendered":"<p>16 D\u00c9CEMBRE 2020 Notre auteur Roger Lahana*, \u00e0 l&#8217;honneur dans Charlie Hebdo, Les Puces, de Luce Lapin. Fondamentalement engag\u00e9 dans la protection animale, Roger Lahana, Pr\u00e9sidente de l&#8217;association No Corrida et secr\u00e9taire de la FLAC est intervenu devant le Conseil Constitutionnel de l\u2019Equateur, le 17\/12\/20 dernier. Roger Lahana, auteur de &#8220;Corrida la honte &#8211; Les &hellip; <\/p>\n","protected":false},"author":1,"featured_media":564,"comment_status":"closed","ping_status":"open","sticky":false,"template":"","format":"standard","meta":[],"categories":[9],"tags":[29],"_links":{"self":[{"href":"https:\/\/labrodeusedemots.com\/index.php\/wp-json\/wp\/v2\/posts\/562"}],"collection":[{"href":"https:\/\/labrodeusedemots.com\/index.php\/wp-json\/wp\/v2\/posts"}],"about":[{"href":"https:\/\/labrodeusedemots.com\/index.php\/wp-json\/wp\/v2\/types\/post"}],"author":[{"embeddable":true,"href":"https:\/\/labrodeusedemots.com\/index.php\/wp-json\/wp\/v2\/users\/1"}],"replies":[{"embeddable":true,"href":"https:\/\/labrodeusedemots.com\/index.php\/wp-json\/wp\/v2\/comments?post=562"}],"version-history":[{"count":3,"href":"https:\/\/labrodeusedemots.com\/index.php\/wp-json\/wp\/v2\/posts\/562\/revisions"}],"predecessor-version":[{"id":568,"href":"https:\/\/labrodeusedemots.com\/index.php\/wp-json\/wp\/v2\/posts\/562\/revisions\/568"}],"wp:featuredmedia":[{"embeddable":true,"href":"https:\/\/labrodeusedemots.com\/index.php\/wp-json\/wp\/v2\/media\/564"}],"wp:attachment":[{"href":"https:\/\/labrodeusedemots.com\/index.php\/wp-json\/wp\/v2\/media?parent=562"}],"wp:term":[{"taxonomy":"category","embeddable":true,"href":"https:\/\/labrodeusedemots.com\/index.php\/wp-json\/wp\/v2\/categories?post=562"},{"taxonomy":"post_tag","embeddable":true,"href":"https:\/\/labrodeusedemots.com\/index.php\/wp-json\/wp\/v2\/tags?post=562"}],"curies":[{"name":"wp","href":"https:\/\/api.w.org\/{rel}","templated":true}]}}