{"id":462,"date":"2020-11-27T16:00:51","date_gmt":"2020-11-27T15:00:51","guid":{"rendered":"http:\/\/labrodeusedemots.com\/?p=462"},"modified":"2024-06-17T17:37:41","modified_gmt":"2024-06-17T15:37:41","slug":"le-racisme-anti-blanc-ne-pas-en-parler-un-deni-de-realite-3e-edition-augmentee-de-tarik-yildiz-essai","status":"publish","type":"post","link":"https:\/\/labrodeusedemots.com\/index.php\/2020\/11\/27\/le-racisme-anti-blanc-ne-pas-en-parler-un-deni-de-realite-3e-edition-augmentee-de-tarik-yildiz-essai\/","title":{"rendered":"Le racisme anti-blanc &#8211; Ne pas en parler : un d\u00e9ni de r\u00e9alit\u00e9. 3e \u00e9dition augment\u00e9e, de Tarik Yildiz (essai)"},"content":{"rendered":"<h3 style=\"text-align: justify;\"><em><img loading=\"lazy\" class=\"size-full wp-image-532 alignleft\" src=\"http:\/\/labrodeusedemots.com\/wp-content\/uploads\/2020\/11\/LRAB-2020-363-x-322.jpg\" alt=\"\" width=\"363\" height=\"322\" srcset=\"https:\/\/labrodeusedemots.com\/wp-content\/uploads\/2020\/11\/LRAB-2020-363-x-322.jpg 363w, https:\/\/labrodeusedemots.com\/wp-content\/uploads\/2020\/11\/LRAB-2020-363-x-322-300x266.jpg 300w, https:\/\/labrodeusedemots.com\/wp-content\/uploads\/2020\/11\/LRAB-2020-363-x-322-68x60.jpg 68w\" sizes=\"(max-width: 363px) 100vw, 363px\" \/>Le racisme anti-blanc &#8211; Ne pas en parler : un d\u00e9ni de r\u00e9alit\u00e9. 3e \u00e9dition augment\u00e9e d&#8217;un pr\u00e9ambule<\/em>, de Tarik Yildiz<em><br \/>\n<\/em><\/h3>\n<p>&nbsp;<\/p>\n<p style=\"text-align: justify;\"><span style=\"font-size: 24pt; color: #42cede;\">\u00a08,00 \u20ac<\/span><\/p>\n<p>&nbsp;<\/p>\n<ul style=\"text-align: justify;\">\n<li style=\"text-align: justify;\">Genre : Essai<\/li>\n<li style=\"text-align: justify;\">64 pages<\/li>\n<li style=\"text-align: justify;\">Format : 11 x 18 cm<\/li>\n<li style=\"text-align: justify;\">ISBN : 978-2-36782-040-8<\/li>\n<li style=\"text-align: justify;\">Parution 2020<\/li>\n<\/ul>\n<h3><\/h3>\n<h3 style=\"text-align: justify;\"><strong>Pr\u00e9sentation de l\u2019\u00e9diteur<\/strong><\/h3>\n<p style=\"text-align: justify;\">T\u00e9moignages sur le racisme anti-blanc dans les banlieues d\u00e9fa- \u00a0voris\u00e9es d\u2019\u00cele-de-France.<\/p>\n<p style=\"text-align: justify;\">\u00ab\u00a0Suite \u00e0 la r\u00e9daction d\u2019un article sur le racisme anti-blanc publi\u00e9 sur le \u00a0site internet Terre d\u2019avenir et repris sur le Bondy Blog, j\u2019ai d\u00e9cid\u00e9 de \u00a0prolonger mon initiative devant les nombreuses r\u00e9actions qu\u2019il a suscit\u00e9es.<\/p>\n<p style=\"text-align: justify;\">J\u2019ai entam\u00e9 la r\u00e9daction de ce petit livre dans l\u2019optique de faire entendre \u00a0ceux qui pensent qu\u2019il y a deux poids et deux mesures dans le traitement \u00a0du racisme en France.<\/p>\n<p style=\"text-align: justify;\">\u00c0 travers neuf entretiens repr\u00e9sentatifs des nombreux t\u00e9moignages \u00a0re\u00e7us, j\u2019ai essay\u00e9 de mettre en lumi\u00e8re les difficult\u00e9s auxquelles sont \u00a0confront\u00e9es les victimes de ce racisme \u00e0 l\u2019\u00e9cole et dans les quartiers \u00a0d\u00e9favoris\u00e9s d\u2019\u00cele-de-France.\u00a0\u00bb<\/p>\n<p>&nbsp;<\/p>\n<h3 style=\"text-align: justify;\">Du m\u00eame auteur<\/h3>\n<ul>\n<li><a href=\"http:\/\/labrodeusedemots.com\/index.php\/2020\/11\/26\/le-racisme-anti-blanc-ne-pas-en-parler-un-deni-de-realite-de-tarik-yildiz-essai\/\"><i>Le racisme anti-blanc &#8211; Ne pas en parler : un d\u00e9ni de r\u00e9alit\u00e9<\/i>, essai<\/a><\/li>\n<li><a href=\"http:\/\/labrodeusedemots.com\/index.php\/2020\/11\/27\/de-la-fatigue-detre-soi-au-pret-a-croire-lutter-contre-la-delinquance-pour-combattre-le-radicalisme-islamiste-tarik-yildiz-essai\/\"><i>De la fatigue d&#8217;\u00eatre soi au pr\u00eat-\u00e0-croire &#8211; Lutter contre la d\u00e9linquance pour combattre le radicalisme islamiste<\/i>, essai<\/a><\/li>\n<\/ul>\n<p>&nbsp;<\/p>\n<h3>\u00c0 lire<\/h3>\n<p class=\"entry-title\"><a href=\"https:\/\/www.lemonde.fr\/blog\/fredericjoignot\/2013\/04\/28\/racisme-anti-blanc-un-concept-conteste-une-realite-vecue-dans-certains-quartiers-sale-blanche-un-livre-enquete-en-parle-extraits\/\">\u00ab Racisme anti-blanc \u00bb. Un concept contest\u00e9, une r\u00e9alit\u00e9 v\u00e9cue dans certains quartiers. Un livre enqu\u00eate en parle. Bonnes feuilles.<\/a> Un article sign\u00e9 Fr\u00e9d\u00e9ric Joignot pour <em>Le Monde<\/em>.<\/p>\n<p>&nbsp;<\/p>\n<h3 style=\"text-align: justify;\"><strong>\u00c0<\/strong> propos de l&#8217;auteur<\/h3>\n<p style=\"text-align: justify;\">Docteur en sociologie et enseignant \u00e0 Sciences Po Paris, Tarik Yildiz contribue r\u00e9guli\u00e8rement au d\u00e9bat d\u2019id\u00e9es dans diff\u00e9rents journaux (<em>Le Monde, Lib\u00e9ration, Le Figaro, Huffington Post\u2026<\/em>) \u00e0 travers de nombreux articles et tribunes concernant le lien social, les enjeux de l\u2019int\u00e9gration, le rapport au religieux et les questions soci\u00e9tales. Conseiller et consultant pour les administrations publiques, ayant grandi dans les quartiers dits \u00ab sensibles \u00bb, il est visc\u00e9ralement attach\u00e9 \u00e0 l\u2019histoire de France et au cadre r\u00e9publicain. Dans ses interventions, Tarik Yildiz apporte aux faits un \u00e9clairage diff\u00e9rent, mettant l\u2019accent sur les \u00e9tudes de terrain et la perception des acteurs eux-m\u00eames.<\/p>\n<ul>\n<li><a href=\"http:\/\/fr-fr.facebook.com\/pages\/Page-officiel-du-livre-Le-racisme-anti-blanc\/186581054686608?v=info\" target=\"_blank\" rel=\"noopener noreferrer\">La page Facebook officielle du livre<\/a><\/li>\n<li><a href=\"http:\/\/fr-fr.facebook.com\/people\/Tarik-Yildiz\/100000595348789\" target=\"_blank\" rel=\"noopener noreferrer\">La page Facebook de l&#8217;auteur<\/a><\/li>\n<li><a href=\"http:\/\/tarikyildiz.blog.free.fr\/index.php?\" target=\"_blank\" rel=\"noopener noreferrer\">Le blog de l&#8217;auteur<\/a><\/li>\n<li>L&#8217;actualit\u00e9 de l&#8217;auteur<\/li>\n<li>L&#8217;actualit\u00e9 du livre<\/li>\n<\/ul>\n<h3><\/h3>\n<h3 style=\"text-align: justify;\"><strong>Commander \u2013 \u00c9dition papier<\/strong><\/h3>\n<p>Commander directement en ligne en cliquant ici :<\/p>\n<form action=\"https:\/\/www.paypal.com\/cgi-bin\/webscr\" method=\"post\" target=\"paypal\"><input name=\"cmd\" type=\"hidden\" value=\"_s-xclick\" \/><br \/>\n<input name=\"hosted_button_id\" type=\"hidden\" value=\"MEZDGQYACQPV6\" \/><br \/>\n<input alt=\"PayPal, le r\u00e9flexe s\u00e9curit\u00e9 pour payer en ligne\" name=\"submit\" src=\"https:\/\/www.paypalobjects.com\/fr_FR\/FR\/i\/btn\/btn_cart_LG.gif\" type=\"image\" \/><br \/>\n<img loading=\"lazy\" src=\"https:\/\/www.paypalobjects.com\/fr_FR\/i\/scr\/pixel.gif\" alt=\"\" width=\"1\" height=\"1\" border=\"0\" \/><\/form>\n<p>ou adressez-vous \u00e0 votre libraire habituel ou commander par courrier en envoyant vos coordonn\u00e9es sur papier libre accompagn\u00e9 de votre r\u00e8glement de \u2026 x 8,00 \u20ac + 1,94 \u20ac de frais d\u2019exp\u00e9dition \u00e0 : \u00a0Les \u00c9ditions du Puits de Roulle \u2013 9, chemin du Puits de Roulle \u2013 30900 N\u00eemes \u2013 Ch\u00e8que \u00e0 l\u2019ordre des \u00c9ditions du Puits de Roulle.<\/p>\n<h3>Commander \u2013 Livre num\u00e9rique<\/h3>\n<p>NON DISPONIBLE<\/p>\n<p style=\"text-align: left;\"><em><i>Le racisme anti-blanc &#8211; Ne pas en parler : un d\u00e9ni de r\u00e9alit\u00e9 &#8211; 3e \u00e9dition augment\u00e9e d&#8217;un pr\u00e9ambule<\/i>, <\/em>de Tarik Yildiz<\/p>\n<p style=\"text-align: left;\">Kindle<\/p>\n<p style=\"text-align: left;\">Epub<\/p>\n<p>&nbsp;<\/p>\n","protected":false},"excerpt":{"rendered":"<p>Le racisme anti-blanc &#8211; Ne pas en parler : un d\u00e9ni de r\u00e9alit\u00e9. 3e \u00e9dition augment\u00e9e d&#8217;un pr\u00e9ambule, de Tarik Yildiz &nbsp; \u00a08,00 \u20ac &nbsp; Genre : Essai 64 pages Format : 11 x 18 cm ISBN : 978-2-36782-040-8 Parution 2020 Pr\u00e9sentation de l\u2019\u00e9diteur T\u00e9moignages sur le racisme anti-blanc dans les banlieues d\u00e9fa- \u00a0voris\u00e9es d\u2019\u00cele-de-France. &hellip; <\/p>\n","protected":false},"author":1,"featured_media":534,"comment_status":"closed","ping_status":"open","sticky":false,"template":"","format":"standard","meta":[],"categories":[10],"tags":[22,23,21],"_links":{"self":[{"href":"https:\/\/labrodeusedemots.com\/index.php\/wp-json\/wp\/v2\/posts\/462"}],"collection":[{"href":"https:\/\/labrodeusedemots.com\/index.php\/wp-json\/wp\/v2\/posts"}],"about":[{"href":"https:\/\/labrodeusedemots.com\/index.php\/wp-json\/wp\/v2\/types\/post"}],"author":[{"embeddable":true,"href":"https:\/\/labrodeusedemots.com\/index.php\/wp-json\/wp\/v2\/users\/1"}],"replies":[{"embeddable":true,"href":"https:\/\/labrodeusedemots.com\/index.php\/wp-json\/wp\/v2\/comments?post=462"}],"version-history":[{"count":10,"href":"https:\/\/labrodeusedemots.com\/index.php\/wp-json\/wp\/v2\/posts\/462\/revisions"}],"predecessor-version":[{"id":1482,"href":"https:\/\/labrodeusedemots.com\/index.php\/wp-json\/wp\/v2\/posts\/462\/revisions\/1482"}],"wp:featuredmedia":[{"embeddable":true,"href":"https:\/\/labrodeusedemots.com\/index.php\/wp-json\/wp\/v2\/media\/534"}],"wp:attachment":[{"href":"https:\/\/labrodeusedemots.com\/index.php\/wp-json\/wp\/v2\/media?parent=462"}],"wp:term":[{"taxonomy":"category","embeddable":true,"href":"https:\/\/labrodeusedemots.com\/index.php\/wp-json\/wp\/v2\/categories?post=462"},{"taxonomy":"post_tag","embeddable":true,"href":"https:\/\/labrodeusedemots.com\/index.php\/wp-json\/wp\/v2\/tags?post=462"}],"curies":[{"name":"wp","href":"https:\/\/api.w.org\/{rel}","templated":true}]}}