{"id":1484,"date":"2024-09-24T16:48:50","date_gmt":"2024-09-24T14:48:50","guid":{"rendered":"http:\/\/labrodeusedemots.com\/?p=1484"},"modified":"2024-09-24T16:57:15","modified_gmt":"2024-09-24T14:57:15","slug":"le-dauphine-libere-consacre-un-article-a-notre-auteur-sherif-toubal","status":"publish","type":"post","link":"https:\/\/labrodeusedemots.com\/index.php\/2024\/09\/24\/le-dauphine-libere-consacre-un-article-a-notre-auteur-sherif-toubal\/","title":{"rendered":"Le Dauphin\u00e9 Lib\u00e9r\u00e9 consacre un article \u00e0 notre auteur Sh\u00e9rif Toubal"},"content":{"rendered":"<p><img loading=\"lazy\" class=\"aligncenter size-large wp-image-1485\" src=\"http:\/\/labrodeusedemots.com\/wp-content\/uploads\/2024\/09\/le-Dauphine-Libere-Sherif-Toubal-1024x476.jpg\" alt=\"\" width=\"1020\" height=\"474\" srcset=\"https:\/\/labrodeusedemots.com\/wp-content\/uploads\/2024\/09\/le-Dauphine-Libere-Sherif-Toubal-1024x476.jpg 1024w, https:\/\/labrodeusedemots.com\/wp-content\/uploads\/2024\/09\/le-Dauphine-Libere-Sherif-Toubal-300x139.jpg 300w, https:\/\/labrodeusedemots.com\/wp-content\/uploads\/2024\/09\/le-Dauphine-Libere-Sherif-Toubal-768x357.jpg 768w, https:\/\/labrodeusedemots.com\/wp-content\/uploads\/2024\/09\/le-Dauphine-Libere-Sherif-Toubal-1536x714.jpg 1536w, https:\/\/labrodeusedemots.com\/wp-content\/uploads\/2024\/09\/le-Dauphine-Libere-Sherif-Toubal-129x60.jpg 129w, https:\/\/labrodeusedemots.com\/wp-content\/uploads\/2024\/09\/le-Dauphine-Libere-Sherif-Toubal.jpg 1976w\" sizes=\"(max-width: 1020px) 100vw, 1020px\" \/><\/p>\n<div class=\"xdj266r x11i5rnm xat24cr x1mh8g0r x1vvkbs x126k92a\">\n<div dir=\"auto\" style=\"text-align: justify;\">Le Dauphin\u00e9 Lib\u00e9r\u00e9 consacre un article \u00e0 notre auteur Sh\u00e9rif Toubal : &#8220;<a href=\"https:\/\/www.ledauphine.com\/culture-loisirs\/2024\/09\/23\/sherif-toubal-la-prise-de-parole-d-un-francais-musulman?fbclid=IwY2xjawFfskFleHRuA2FlbQIxMAABHdllsupJbv-30hz-CR781efgI1cAsZaFzzIGAMypWg2vgNtB9YsOHo1rJA_aem_-t_WHBjeA17k8jROKVgQbA\" target=\"_blank\" rel=\"noopener\">Sh\u00e9rif Toubal : la prise de parole d\u2019un Fran\u00e7ais musulman<\/a>&#8221; dans son \u00e9dition du jour.<\/p>\n<p><em>Rencontre avec Sh\u00e9rif Toubal qui vient pr\u00e9senter son premier livre au Quai des lecteurs.<\/em><br \/>\n<em>\u00a0<\/em><br \/>\n<em>Le Quai des lecteurs des Sorgues a s\u00e9lectionn\u00e9 Sh\u00e9rif Toubal parmi les 11 participants au Prix des nouveaux \u00e9crivants qui sera remis le 28 septembre au Grand H\u00f4tel Henri, \u00e0 L&#8217;Isle sur la Sorgue dans le cadre du festival.<\/em><br \/>\n<em>\u00a0<\/em><br \/>\n<em>Son premier livre, &#8220;Les \u00e9toiles ne mentent pas &#8211; Parcours d&#8217;un Fran\u00e7ais Musulman&#8221;, est une autobiographie, passionnant t\u00e9moignage d\u2019un Fran\u00e7ais musulman n\u00e9 dans les ann\u00e9es 70 en Camargue, \u00e9cartel\u00e9 entre deux cultures.<\/em><br \/>\n<em>\u00a0<\/em><br \/>\n<em>Comment vous est venue l\u2019envie d\u2019\u00e9crire, alors que vous vous pr\u00e9sentez comme un ancien cancre&#8230;<\/em><\/p>\n<p>Lire la suite : <a href=\"https:\/\/www.ledauphine.com\/culture-loisirs\/2024\/09\/23\/sherif-toubal-la-prise-de-parole-d-un-francais-musulman?fbclid=IwY2xjawFfskFleHRuA2FlbQIxMAABHdllsupJbv-30hz-CR781efgI1cAsZaFzzIGAMypWg2vgNtB9YsOHo1rJA_aem_-t_WHBjeA17k8jROKVgQbA\">https:\/\/www.ledauphine.com\/&#8230;\/sherif-toubal-la-prise-de&#8230;<\/a><\/p>\n<p>&#8212;&#8212;-<br \/>\nSh\u00e9rif Toubal est l\u2019auteur de \u201c<em><a href=\"https:\/\/labrodeusedemots.com\/index.php\/2023\/12\/06\/les-etoiles-ne-mentent-pas-parcours-dun-francais-musulman-sherif-toubal-recit\/?fbclid=IwY2xjawFfsoVleHRuA2FlbQIxMAABHbblmLoOqNuRT7lsMjKbPWDBu1apsOXBM-BOB5WBXjrAS4v1zyaLrJhJVg_aem_EhtbXQpANeZdA5ZxIRBpAA\" target=\"_blank\" rel=\"noopener\">Les \u00e9toiles ne mentent pas \u2013 Parcours d\u2019un Fran\u00e7ais musulman<\/a><\/em>\u201c, publi\u00e9 aux \u00c9ditions du Puits de Roulle.<\/p>\n<\/div>\n<\/div>\n","protected":false},"excerpt":{"rendered":"<p>Le Dauphin\u00e9 Lib\u00e9r\u00e9 consacre un article \u00e0 notre auteur Sh\u00e9rif Toubal : &#8220;Sh\u00e9rif Toubal : la prise de parole d\u2019un Fran\u00e7ais musulman&#8221; dans son \u00e9dition du jour. Rencontre avec Sh\u00e9rif Toubal qui vient pr\u00e9senter son premier livre au Quai des lecteurs. \u00a0 Le Quai des lecteurs des Sorgues a s\u00e9lectionn\u00e9 Sh\u00e9rif Toubal parmi les 11 &hellip; <\/p>\n","protected":false},"author":1,"featured_media":1486,"comment_status":"closed","ping_status":"open","sticky":false,"template":"","format":"standard","meta":[],"categories":[9],"tags":[84,56,71,70],"_links":{"self":[{"href":"https:\/\/labrodeusedemots.com\/index.php\/wp-json\/wp\/v2\/posts\/1484"}],"collection":[{"href":"https:\/\/labrodeusedemots.com\/index.php\/wp-json\/wp\/v2\/posts"}],"about":[{"href":"https:\/\/labrodeusedemots.com\/index.php\/wp-json\/wp\/v2\/types\/post"}],"author":[{"embeddable":true,"href":"https:\/\/labrodeusedemots.com\/index.php\/wp-json\/wp\/v2\/users\/1"}],"replies":[{"embeddable":true,"href":"https:\/\/labrodeusedemots.com\/index.php\/wp-json\/wp\/v2\/comments?post=1484"}],"version-history":[{"count":3,"href":"https:\/\/labrodeusedemots.com\/index.php\/wp-json\/wp\/v2\/posts\/1484\/revisions"}],"predecessor-version":[{"id":1490,"href":"https:\/\/labrodeusedemots.com\/index.php\/wp-json\/wp\/v2\/posts\/1484\/revisions\/1490"}],"wp:featuredmedia":[{"embeddable":true,"href":"https:\/\/labrodeusedemots.com\/index.php\/wp-json\/wp\/v2\/media\/1486"}],"wp:attachment":[{"href":"https:\/\/labrodeusedemots.com\/index.php\/wp-json\/wp\/v2\/media?parent=1484"}],"wp:term":[{"taxonomy":"category","embeddable":true,"href":"https:\/\/labrodeusedemots.com\/index.php\/wp-json\/wp\/v2\/categories?post=1484"},{"taxonomy":"post_tag","embeddable":true,"href":"https:\/\/labrodeusedemots.com\/index.php\/wp-json\/wp\/v2\/tags?post=1484"}],"curies":[{"name":"wp","href":"https:\/\/api.w.org\/{rel}","templated":true}]}}