{"id":1466,"date":"2024-05-15T15:45:50","date_gmt":"2024-05-15T13:45:50","guid":{"rendered":"http:\/\/labrodeusedemots.com\/?p=1466"},"modified":"2024-05-15T16:13:50","modified_gmt":"2024-05-15T14:13:50","slug":"les-editions-du-puits-de-roulle-au-festival-les-passeurs-de-livres","status":"publish","type":"post","link":"https:\/\/labrodeusedemots.com\/index.php\/2024\/05\/15\/les-editions-du-puits-de-roulle-au-festival-les-passeurs-de-livres\/","title":{"rendered":"Les \u00c9ditions du Puits de Roulle au Festival Les Passeurs de Livres"},"content":{"rendered":"<p><img loading=\"lazy\" class=\"aligncenter size-large wp-image-1453\" src=\"http:\/\/labrodeusedemots.com\/wp-content\/uploads\/2024\/05\/Passeurs-de-livres-653x1024.jpg\" alt=\"\" width=\"653\" height=\"1024\" srcset=\"https:\/\/labrodeusedemots.com\/wp-content\/uploads\/2024\/05\/Passeurs-de-livres-653x1024.jpg 653w, https:\/\/labrodeusedemots.com\/wp-content\/uploads\/2024\/05\/Passeurs-de-livres-191x300.jpg 191w, https:\/\/labrodeusedemots.com\/wp-content\/uploads\/2024\/05\/Passeurs-de-livres-768x1204.jpg 768w, https:\/\/labrodeusedemots.com\/wp-content\/uploads\/2024\/05\/Passeurs-de-livres-980x1536.jpg 980w, https:\/\/labrodeusedemots.com\/wp-content\/uploads\/2024\/05\/Passeurs-de-livres-38x60.jpg 38w, https:\/\/labrodeusedemots.com\/wp-content\/uploads\/2024\/05\/Passeurs-de-livres.jpg 1080w\" sizes=\"(max-width: 653px) 100vw, 653px\" \/><\/p>\n<p style=\"text-align: justify;\">Les \u00c9ditions du Puits de Roulle sont heureuses de vous annoncer leur participation au salon du livre <em>Les passeurs de livres<\/em> qui se tiendra \u00e0 Al\u00e8s, du 30 mai au 2 juin 2024, autour du th\u00e8me : &#8220;Nature ou humain&#8221;. Vous pourrez y recontrer plusieurs de nos auteurs dont : <span class=\"html-span xdj266r x11i5rnm xat24cr x1mh8g0r xexx8yu x4uap5 x18d9i69 xkhd6sd x1hl2dhg x16tdsg8 x1vvkbs\"><a class=\"x1i10hfl xjbqb8w x1ejq31n xd10rxx x1sy0etr x17r0tee x972fbf xcfux6l x1qhh985 xm0m39n x9f619 x1ypdohk xt0psk2 xe8uvvx xdj266r x11i5rnm xat24cr x1mh8g0r xexx8yu x4uap5 x18d9i69 xkhd6sd x16tdsg8 x1hl2dhg xggy1nq x1a2a7pz x1sur9pj xkrqix3 x1fey0fg xo1l8bm\" tabindex=\"0\" role=\"link\" href=\"https:\/\/www.facebook.com\/kathydauthuille?__cft__[0]=AZVqZVYvv0fK8GQMLUGlllwyXInRNEohIFMum35Dx86NqP6oYmowNJ8N3sXTKweSlW7vpql2W5k3riBlGr6NVNyzsbQNu2AYPViHYDEX9_QkG555yQnpftkSRUN2WBmDfaQacygwUhU6BEFiOi2YJvUlGqzLLyxsonTzKnAFajT1H7-sgaUU7oZSt3LWymjp0_GgFMk_2CodKxF5qN9xjDXo&amp;__tn__=-]K-R\"><span class=\"xt0psk2\">Kathy Dauthuille &#8211; Auteur<\/span><\/a><\/span>, Roger Lahana et Sh\u00e9rif Toubal.<\/p>\n<p style=\"text-align: justify;\">Notre auteur Sh\u00e9rif Toubal participera \u00e0 une table ronde en partenariat avec le journal <span class=\"html-span xdj266r x11i5rnm xat24cr x1mh8g0r xexx8yu x4uap5 x18d9i69 xkhd6sd x1hl2dhg x16tdsg8 x1vvkbs\"><a class=\"x1i10hfl xjbqb8w x1ejq31n xd10rxx x1sy0etr x17r0tee x972fbf xcfux6l x1qhh985 xm0m39n x9f619 x1ypdohk xt0psk2 xe8uvvx xdj266r x11i5rnm xat24cr x1mh8g0r xexx8yu x4uap5 x18d9i69 xkhd6sd x16tdsg8 x1hl2dhg xggy1nq x1a2a7pz x1sur9pj xkrqix3 xzsf02u x1s688f\" tabindex=\"0\" role=\"link\" href=\"https:\/\/www.facebook.com\/lemonde.fr?__cft__[0]=AZUqUzFDozop0QIIcqrf05wI9Ru3woPXfpmu0fbVqzC8pB_VZbT6lFY-d24P8A42oE9xYaYckFXvC1ZCQhxX2JMsRIk9BXJOsoat0EOaRtoO68Uoz4TmEBMiglbrYuK2XIU1CiwHK7Hqm3L39qxU_CkJNLp4y9dVNbsbNjeJujvgTlrONE-TQEIJCH4qIzwrWB-gr6NZlvX7ryzGDvCkfuoZsckUKbkymvSvZMjP55tvNLDDtDG1q-4xQSkDizcB50I&amp;__tn__=-]K*F\"><span class=\"xt0psk2\">Le Monde<\/span><\/a><span class=\"xt0psk2\">\u00a0sur le th\u00e8me :\u00a0<\/span><\/span><strong>Faire cohabiter le religieux ou forcer notre naturel ?\u00a0<\/strong>samedi 1er juin \u00e0 17 h au\u00a0<a href=\"https:\/\/www.museedudesert.com\/index.php\" target=\"_blank\" rel=\"noopener\">Mus\u00e9e du D\u00e9sert, Mialet<\/a>. Le dialogue sera anim\u00e9 par Florent Georgesco, journaliste au Monde et responsable adjoint du \u00ab Monde des livres \u00bb (<a href=\"https:\/\/labrodeusedemots.com\/index.php\/2024\/05\/15\/faire-cohabiter-le-religieux-ou-forcer-notre-naturel-le-monde-avec-sherif-toubal\/\">voir ici<\/a>).<\/p>\n<p style=\"text-align: justify;\"><em>&#8221; Le festival des Passeurs de livres est un \u00e9v\u00e9nement culturel d\u00e9di\u00e9 \u00e0 la grande famille des sciences humaines. Toutes les disciplines y sont convi\u00e9es \u2013 histoire, philosophie, sociologie, anthropologie, g\u00e9ographie&#8230; \u2013 pour questionner la soci\u00e9t\u00e9 que nous fa\u00e7onnons. La litt\u00e9rature s\u2019offre \u00e0 la discussion, m\u00ealant recherche et scientifiques aux auteurs de fiction, au roman et \u00e0 la bande dessin\u00e9e. Un m\u00e9lange des genres et des id\u00e9es pour \u00e9clairer la r\u00e9flexion et inviter chacun \u00e0 complexifier sa pens\u00e9e.<\/em><\/p>\n<p style=\"text-align: justify;\"><em>C\u2019est dans cet \u00e9lan d\u2019ouverture que les Passeurs ont l\u2019ambition de participer au rayonnement de la culture, de l\u2019emmener se glisser dans tous les interstices.<\/em><br \/>\n<em>Pendant 4 jours, c\u2019est un v\u00e9ritable laboratoire \u00e0 ciel ouvert qui se pr\u00e9sente au grand public. En son c\u0153ur, sur le parvis du Crat\u00e8re, un salon du livre avec plus de 70 \u00e9diteurs ; et en guise de poumons, ce sont plus de 120 auteurs qui interviendront. Au programme, 40 rencontres aussi vari\u00e9es que les sujets abord\u00e9s, des tables rondes, des expositions, des projections, des lectures, des ateliers, des d\u00e9dicaces, des animations jeunesse et quelques surprises&#8230; Un moment d\u2019effervescence qui s\u2019adresse \u00e0 toutes et \u00e0 tous.<\/em><\/p>\n<p><a href=\"https:\/\/www.lespasseursdelivres.fr\/wp-content\/uploads\/2024\/05\/Programme-Festival-Passeurs-de-livres-2024.pdf\" target=\"_blank\" rel=\"noopener\">Pour t\u00e9l\u00e9charger le programme complet de ces journ\u00e9es, cliquez l\u00e0<\/a>.<\/p>\n<p><a href=\"https:\/\/www.lespasseursdelivres.fr\/\" target=\"_blank\" rel=\"noopener\">Le site officiel du festival<\/a><\/p>\n","protected":false},"excerpt":{"rendered":"<p>Les \u00c9ditions du Puits de Roulle sont heureuses de vous annoncer leur participation au salon du livre Les passeurs de livres qui se tiendra \u00e0 Al\u00e8s, du 30 mai au 2 juin 2024, autour du th\u00e8me : &#8220;Nature ou humain&#8221;. Vous pourrez y recontrer plusieurs de nos auteurs dont : Kathy Dauthuille &#8211; Auteur, Roger &hellip; <\/p>\n","protected":false},"author":1,"featured_media":1467,"comment_status":"closed","ping_status":"open","sticky":false,"template":"","format":"standard","meta":[],"categories":[9],"tags":[56,16,29,66,70,82],"_links":{"self":[{"href":"https:\/\/labrodeusedemots.com\/index.php\/wp-json\/wp\/v2\/posts\/1466"}],"collection":[{"href":"https:\/\/labrodeusedemots.com\/index.php\/wp-json\/wp\/v2\/posts"}],"about":[{"href":"https:\/\/labrodeusedemots.com\/index.php\/wp-json\/wp\/v2\/types\/post"}],"author":[{"embeddable":true,"href":"https:\/\/labrodeusedemots.com\/index.php\/wp-json\/wp\/v2\/users\/1"}],"replies":[{"embeddable":true,"href":"https:\/\/labrodeusedemots.com\/index.php\/wp-json\/wp\/v2\/comments?post=1466"}],"version-history":[{"count":2,"href":"https:\/\/labrodeusedemots.com\/index.php\/wp-json\/wp\/v2\/posts\/1466\/revisions"}],"predecessor-version":[{"id":1469,"href":"https:\/\/labrodeusedemots.com\/index.php\/wp-json\/wp\/v2\/posts\/1466\/revisions\/1469"}],"wp:featuredmedia":[{"embeddable":true,"href":"https:\/\/labrodeusedemots.com\/index.php\/wp-json\/wp\/v2\/media\/1467"}],"wp:attachment":[{"href":"https:\/\/labrodeusedemots.com\/index.php\/wp-json\/wp\/v2\/media?parent=1466"}],"wp:term":[{"taxonomy":"category","embeddable":true,"href":"https:\/\/labrodeusedemots.com\/index.php\/wp-json\/wp\/v2\/categories?post=1466"},{"taxonomy":"post_tag","embeddable":true,"href":"https:\/\/labrodeusedemots.com\/index.php\/wp-json\/wp\/v2\/tags?post=1466"}],"curies":[{"name":"wp","href":"https:\/\/api.w.org\/{rel}","templated":true}]}}