{"id":1371,"date":"2024-02-22T14:53:03","date_gmt":"2024-02-22T13:53:03","guid":{"rendered":"http:\/\/labrodeusedemots.com\/?p=1371"},"modified":"2024-02-22T14:55:28","modified_gmt":"2024-02-22T13:55:28","slug":"dedicace-de-sherif-toubal-au-festival-arles-se-livre","status":"publish","type":"post","link":"https:\/\/labrodeusedemots.com\/index.php\/2024\/02\/22\/dedicace-de-sherif-toubal-au-festival-arles-se-livre\/","title":{"rendered":"D\u00e9dicace de Sh\u00e9rif Toubal au Festival &#8220;Arles se livre&#8221;"},"content":{"rendered":"<p><img loading=\"lazy\" class=\"aligncenter size-full wp-image-1290\" src=\"http:\/\/labrodeusedemots.com\/wp-content\/uploads\/2023\/10\/arles-se-livre-2022-une-768x545-1.png\" alt=\"\" width=\"768\" height=\"545\" srcset=\"https:\/\/labrodeusedemots.com\/wp-content\/uploads\/2023\/10\/arles-se-livre-2022-une-768x545-1.png 768w, https:\/\/labrodeusedemots.com\/wp-content\/uploads\/2023\/10\/arles-se-livre-2022-une-768x545-1-300x213.png 300w, https:\/\/labrodeusedemots.com\/wp-content\/uploads\/2023\/10\/arles-se-livre-2022-une-768x545-1-85x60.png 85w\" sizes=\"(max-width: 768px) 100vw, 768px\" \/><\/p>\n<p style=\"text-align: justify;\">PROCHAIN RENDEZ-VOUS &#8211; Dimanche 25 f\u00e9vrier 2024, \u00e0 partir de 15 h<\/p>\n<p>Notre auteur Sherif Toubal sera pr\u00e9sent au salon du livre d&#8217;Arles o\u00f9 il d\u00e9dicacera son ouvrage &#8220;<em><a href=\"https:\/\/labrodeusedemots.com\/index.php\/2023\/12\/06\/les-etoiles-ne-mentent-pas-parcours-dun-francais-musulman-sherif-toubal-recit\/\" target=\"_blank\" rel=\"noopener\">Les \u00e9toiles ne mentent pas &#8211; Parcours d&#8217;un Fran\u00e7ais musulman<\/a><\/em>&#8221; au th\u00e9\u00e2tre municipal \u00e0 partir de 15 h.<\/p>\n<p>Informations : <a class=\"x1fey0fg xmper1u x1edh9d7\" href=\"http:\/\/www.arles-se-livre.fr\/\" target=\"_blank\" rel=\"noopener\">http:\/\/www.arles-se-livre.fr\/<\/a> ou <a href=\"https:\/\/arles.fr\/app\/uploads\/2024\/02\/Livret-Arles-se-livre-2024-V3-web-1.pdf?fbclid=IwAR2APf-a_1zJC82xz-cKbTziQc6Zjq4CZltCT7v_oZJYRHaIQ3xW-dQTJJo\" target=\"_blank\" rel=\"noopener\">t\u00e9l\u00e9charger le programme ici<\/a>.<br \/>\n________<br \/>\n\u00ab <em><a href=\"https:\/\/labrodeusedemots.com\/index.php\/2023\/12\/06\/les-etoiles-ne-mentent-pas-parcours-dun-francais-musulman-sherif-toubal-recit\/\" target=\"_blank\" rel=\"noopener\">Les \u00e9toiles ne mentent pas \u2013 Parcours d\u2019un Fran\u00e7ais musulman<\/a><\/em> \u00bb, de Sh\u00e9rif Toubal. Format 13,5 x 21 cm. 264 pages. 350 gr. ISBN : 978-2-36782-050-7. Prix : 20 \u20ac.<\/p>\n","protected":false},"excerpt":{"rendered":"<p>PROCHAIN RENDEZ-VOUS &#8211; Dimanche 25 f\u00e9vrier 2024, \u00e0 partir de 15 h Notre auteur Sherif Toubal sera pr\u00e9sent au salon du livre d&#8217;Arles o\u00f9 il d\u00e9dicacera son ouvrage &#8220;Les \u00e9toiles ne mentent pas &#8211; Parcours d&#8217;un Fran\u00e7ais musulman&#8221; au th\u00e9\u00e2tre municipal \u00e0 partir de 15 h. Informations : http:\/\/www.arles-se-livre.fr\/ ou t\u00e9l\u00e9charger le programme ici. ________ &hellip; <\/p>\n","protected":false},"author":1,"featured_media":1373,"comment_status":"closed","ping_status":"open","sticky":false,"template":"","format":"standard","meta":[],"categories":[9],"tags":[77,56,73,71,75,66,70],"_links":{"self":[{"href":"https:\/\/labrodeusedemots.com\/index.php\/wp-json\/wp\/v2\/posts\/1371"}],"collection":[{"href":"https:\/\/labrodeusedemots.com\/index.php\/wp-json\/wp\/v2\/posts"}],"about":[{"href":"https:\/\/labrodeusedemots.com\/index.php\/wp-json\/wp\/v2\/types\/post"}],"author":[{"embeddable":true,"href":"https:\/\/labrodeusedemots.com\/index.php\/wp-json\/wp\/v2\/users\/1"}],"replies":[{"embeddable":true,"href":"https:\/\/labrodeusedemots.com\/index.php\/wp-json\/wp\/v2\/comments?post=1371"}],"version-history":[{"count":2,"href":"https:\/\/labrodeusedemots.com\/index.php\/wp-json\/wp\/v2\/posts\/1371\/revisions"}],"predecessor-version":[{"id":1374,"href":"https:\/\/labrodeusedemots.com\/index.php\/wp-json\/wp\/v2\/posts\/1371\/revisions\/1374"}],"wp:featuredmedia":[{"embeddable":true,"href":"https:\/\/labrodeusedemots.com\/index.php\/wp-json\/wp\/v2\/media\/1373"}],"wp:attachment":[{"href":"https:\/\/labrodeusedemots.com\/index.php\/wp-json\/wp\/v2\/media?parent=1371"}],"wp:term":[{"taxonomy":"category","embeddable":true,"href":"https:\/\/labrodeusedemots.com\/index.php\/wp-json\/wp\/v2\/categories?post=1371"},{"taxonomy":"post_tag","embeddable":true,"href":"https:\/\/labrodeusedemots.com\/index.php\/wp-json\/wp\/v2\/tags?post=1371"}],"curies":[{"name":"wp","href":"https:\/\/api.w.org\/{rel}","templated":true}]}}