{"id":1285,"date":"2023-10-27T17:22:11","date_gmt":"2023-10-27T15:22:11","guid":{"rendered":"http:\/\/labrodeusedemots.com\/?p=1285"},"modified":"2023-10-27T17:22:42","modified_gmt":"2023-10-27T15:22:42","slug":"les-mesures-anti-emeutes-ne-seront-efficaces-que-si-nos-lois-sont-appliquees-de-maniere-uniforme-tarik-yildiz","status":"publish","type":"post","link":"https:\/\/labrodeusedemots.com\/index.php\/2023\/10\/27\/les-mesures-anti-emeutes-ne-seront-efficaces-que-si-nos-lois-sont-appliquees-de-maniere-uniforme-tarik-yildiz\/","title":{"rendered":"\u00abLes mesures anti-\u00e9meutes ne seront efficaces que si nos lois sont appliqu\u00e9es de mani\u00e8re uniforme\u00bb, Tarik Yildiz"},"content":{"rendered":"<p><img loading=\"lazy\" class=\"alignleft wp-image-1286 size-medium\" src=\"http:\/\/labrodeusedemots.com\/wp-content\/uploads\/2023\/10\/2023-10-27-TY-Figaro-283x300.jpg\" alt=\"\" width=\"283\" height=\"300\" srcset=\"https:\/\/labrodeusedemots.com\/wp-content\/uploads\/2023\/10\/2023-10-27-TY-Figaro-283x300.jpg 283w, https:\/\/labrodeusedemots.com\/wp-content\/uploads\/2023\/10\/2023-10-27-TY-Figaro-768x814.jpg 768w, https:\/\/labrodeusedemots.com\/wp-content\/uploads\/2023\/10\/2023-10-27-TY-Figaro-57x60.jpg 57w, https:\/\/labrodeusedemots.com\/wp-content\/uploads\/2023\/10\/2023-10-27-TY-Figaro.jpg 779w\" sizes=\"(max-width: 283px) 100vw, 283px\" \/><\/p>\n<p style=\"text-align: justify;\">Notre auteur Tarik Yildiz* publie une nouvelle tribune pour Le Figaro :<\/p>\n<p style=\"text-align: justify;\"><em><strong>Apr\u00e8s les violences qui ont \u00e9maill\u00e9 la France cet \u00e9t\u00e9, \u00c9lisabeth Borne a d\u00e9voil\u00e9, jeudi, un plan \u00abanti-\u00e9meutes\u00bb. Pour le sociologue Tarik Yildiz, les politiques visant sp\u00e9cifiquement les \u00abjeunes des quartiers \u00bb ne peuvent que d\u00e9boucher sur un \u00e9chec, car cette population n\u2019est pas homog\u00e8ne.<\/strong><\/em><\/p>\n<p style=\"text-align: justify;\">Un <a href=\"https:\/\/www.lefigaro.fr\/vox\/societe\/plutot-que-de-multiplier-les-mesures-anti-emeutes-faisons-d-abord-respecter-nos-lois-de-maniere-uniforme-20231027\">article \u00e0 lire en ligne en cliquant sur ce lien<\/a>.<\/p>\n<p style=\"text-align: justify;\">_____________<\/p>\n<p style=\"text-align: justify;\">* Tarik Yildiz est sociologue, auteur notamment de \u201c<a href=\"http:\/\/labrodeusedemots.com\/index.php\/2020\/11\/27\/de-la-fatigue-detre-soi-au-pret-a-croire-lutter-contre-la-delinquance-pour-combattre-le-radicalisme-islamiste-tarik-yildiz-essai\/\"><em>De la fatigue d\u2019\u00eatre soi au pr\u00eat-\u00e0-croire. Lutter contre la d\u00e9linquance pour combattre le radicalisme islamiste<\/em><\/a>\u201d (\u00e9ditions du Puits de Roulle, d\u00e9cembre 2020).<\/p>\n","protected":false},"excerpt":{"rendered":"<p>Notre auteur Tarik Yildiz* publie une nouvelle tribune pour Le Figaro : Apr\u00e8s les violences qui ont \u00e9maill\u00e9 la France cet \u00e9t\u00e9, \u00c9lisabeth Borne a d\u00e9voil\u00e9, jeudi, un plan \u00abanti-\u00e9meutes\u00bb. Pour le sociologue Tarik Yildiz, les politiques visant sp\u00e9cifiquement les \u00abjeunes des quartiers \u00bb ne peuvent que d\u00e9boucher sur un \u00e9chec, car cette population n\u2019est &hellip; <\/p>\n","protected":false},"author":1,"featured_media":560,"comment_status":"closed","ping_status":"open","sticky":false,"template":"","format":"standard","meta":[],"categories":[9],"tags":[21],"_links":{"self":[{"href":"https:\/\/labrodeusedemots.com\/index.php\/wp-json\/wp\/v2\/posts\/1285"}],"collection":[{"href":"https:\/\/labrodeusedemots.com\/index.php\/wp-json\/wp\/v2\/posts"}],"about":[{"href":"https:\/\/labrodeusedemots.com\/index.php\/wp-json\/wp\/v2\/types\/post"}],"author":[{"embeddable":true,"href":"https:\/\/labrodeusedemots.com\/index.php\/wp-json\/wp\/v2\/users\/1"}],"replies":[{"embeddable":true,"href":"https:\/\/labrodeusedemots.com\/index.php\/wp-json\/wp\/v2\/comments?post=1285"}],"version-history":[{"count":2,"href":"https:\/\/labrodeusedemots.com\/index.php\/wp-json\/wp\/v2\/posts\/1285\/revisions"}],"predecessor-version":[{"id":1288,"href":"https:\/\/labrodeusedemots.com\/index.php\/wp-json\/wp\/v2\/posts\/1285\/revisions\/1288"}],"wp:featuredmedia":[{"embeddable":true,"href":"https:\/\/labrodeusedemots.com\/index.php\/wp-json\/wp\/v2\/media\/560"}],"wp:attachment":[{"href":"https:\/\/labrodeusedemots.com\/index.php\/wp-json\/wp\/v2\/media?parent=1285"}],"wp:term":[{"taxonomy":"category","embeddable":true,"href":"https:\/\/labrodeusedemots.com\/index.php\/wp-json\/wp\/v2\/categories?post=1285"},{"taxonomy":"post_tag","embeddable":true,"href":"https:\/\/labrodeusedemots.com\/index.php\/wp-json\/wp\/v2\/tags?post=1285"}],"curies":[{"name":"wp","href":"https:\/\/api.w.org\/{rel}","templated":true}]}}