{"id":1245,"date":"2023-09-25T16:24:49","date_gmt":"2023-09-25T14:24:49","guid":{"rendered":"http:\/\/labrodeusedemots.com\/?p=1245"},"modified":"2023-09-25T16:29:47","modified_gmt":"2023-09-25T14:29:47","slug":"salon-du-livre-spirituel-menton-06","status":"publish","type":"post","link":"https:\/\/labrodeusedemots.com\/index.php\/2023\/09\/25\/salon-du-livre-spirituel-menton-06\/","title":{"rendered":"Salon du livre spirituel, Menton (06)"},"content":{"rendered":"<p><img loading=\"lazy\" class=\"aligncenter wp-image-1248 size-full\" src=\"http:\/\/labrodeusedemots.com\/wp-content\/uploads\/2023\/09\/Salon-livre-spirituel.jpg\" alt=\"\" width=\"400\" height=\"571\" srcset=\"https:\/\/labrodeusedemots.com\/wp-content\/uploads\/2023\/09\/Salon-livre-spirituel.jpg 400w, https:\/\/labrodeusedemots.com\/wp-content\/uploads\/2023\/09\/Salon-livre-spirituel-210x300.jpg 210w, https:\/\/labrodeusedemots.com\/wp-content\/uploads\/2023\/09\/Salon-livre-spirituel-42x60.jpg 42w\" sizes=\"(max-width: 400px) 100vw, 400px\" \/><\/p>\n<p style=\"text-align: justify;\">Les \u00c9ditions du Puits de Roulle sont heureuses de participer au <a href=\"https:\/\/www.spectable.com\/salon-du-livre-spirituel\/585078\">Salon du Livre Spirituel<\/a> qui a lieu \u00e0 Menton, au Palais des Ambassadeurs, ces 23 et 24 Septembre. Le th\u00e8me principal est d\u00e9di\u00e9 aux animaux, au respect et \u00e0 l&#8217;amour que nous devons avoir envers eux. L\u2019invit\u00e9 d\u2019honneur est la FLAC (la f\u00e9d\u00e9ration qui r\u00e9unit toutes les associations qui luttent pour l\u2019abolition des corridas). Je suis tr\u00e8s heureuse de pouvoir y pr\u00e9senter les ouvrages de notre collection &#8220;\u00catre sensible&#8221;, d\u00e9di\u00e9e \u00e0 la protection des animaux.<\/p>\n<p><img loading=\"lazy\" class=\"aligncenter size-full wp-image-1247\" src=\"http:\/\/labrodeusedemots.com\/wp-content\/uploads\/2023\/09\/Salon-livre-spirituel-stand.jpg\" alt=\"\" width=\"430\" height=\"194\" srcset=\"https:\/\/labrodeusedemots.com\/wp-content\/uploads\/2023\/09\/Salon-livre-spirituel-stand.jpg 430w, https:\/\/labrodeusedemots.com\/wp-content\/uploads\/2023\/09\/Salon-livre-spirituel-stand-300x135.jpg 300w, https:\/\/labrodeusedemots.com\/wp-content\/uploads\/2023\/09\/Salon-livre-spirituel-stand-133x60.jpg 133w\" sizes=\"(max-width: 430px) 100vw, 430px\" \/><\/p>\n<p style=\"text-align: center;\"><span style=\"font-size: 10pt;\"><em>Stand des Editions du Puits de Roulle<\/em><\/span><\/p>\n<p><img loading=\"lazy\" class=\"aligncenter size-full wp-image-1246\" src=\"http:\/\/labrodeusedemots.com\/wp-content\/uploads\/2023\/09\/Salon-livre-spirituel-photo-groupe.jpg\" alt=\"\" width=\"419\" height=\"207\" srcset=\"https:\/\/labrodeusedemots.com\/wp-content\/uploads\/2023\/09\/Salon-livre-spirituel-photo-groupe.jpg 419w, https:\/\/labrodeusedemots.com\/wp-content\/uploads\/2023\/09\/Salon-livre-spirituel-photo-groupe-300x148.jpg 300w, https:\/\/labrodeusedemots.com\/wp-content\/uploads\/2023\/09\/Salon-livre-spirituel-photo-groupe-121x60.jpg 121w\" sizes=\"(max-width: 419px) 100vw, 419px\" \/><\/p>\n<p style=\"text-align: center;\"><span style=\"font-size: 10pt;\">St\u00e9phanie Lahana, \u00e9ditrice et co-auteur de <em>Liliane Sujanszky 45 ans de protection animale, une vie de combats<\/em> ; Roger Lahana secr\u00e9taire F\u00e9d\u00e9ral de la FLAC, Pr\u00e9sident de No Corrida et auteur de nombreux<br \/>\nouvrages d\u00e9di\u00e9s \u00e0 la consid\u00e9ration des animaux, &#8230;, Yves Juhel, maire de Menton ; Thierry H\u00e9ly Pr\u00e9sident de la FLAC et Mme Liana Marabini, propri\u00e9taire du Grand H\u00f4tel des Ambassadeurs de Menton, organisateur du salon.<\/span><\/p>\n","protected":false},"excerpt":{"rendered":"<p>Les \u00c9ditions du Puits de Roulle sont heureuses de participer au Salon du Livre Spirituel qui a lieu \u00e0 Menton, au Palais des Ambassadeurs, ces 23 et 24 Septembre. Le th\u00e8me principal est d\u00e9di\u00e9 aux animaux, au respect et \u00e0 l&#8217;amour que nous devons avoir envers eux. L\u2019invit\u00e9 d\u2019honneur est la FLAC (la f\u00e9d\u00e9ration qui &hellip; <\/p>\n","protected":false},"author":1,"featured_media":1247,"comment_status":"closed","ping_status":"open","sticky":false,"template":"","format":"standard","meta":[],"categories":[9],"tags":[68,67,69,66],"_links":{"self":[{"href":"https:\/\/labrodeusedemots.com\/index.php\/wp-json\/wp\/v2\/posts\/1245"}],"collection":[{"href":"https:\/\/labrodeusedemots.com\/index.php\/wp-json\/wp\/v2\/posts"}],"about":[{"href":"https:\/\/labrodeusedemots.com\/index.php\/wp-json\/wp\/v2\/types\/post"}],"author":[{"embeddable":true,"href":"https:\/\/labrodeusedemots.com\/index.php\/wp-json\/wp\/v2\/users\/1"}],"replies":[{"embeddable":true,"href":"https:\/\/labrodeusedemots.com\/index.php\/wp-json\/wp\/v2\/comments?post=1245"}],"version-history":[{"count":2,"href":"https:\/\/labrodeusedemots.com\/index.php\/wp-json\/wp\/v2\/posts\/1245\/revisions"}],"predecessor-version":[{"id":1250,"href":"https:\/\/labrodeusedemots.com\/index.php\/wp-json\/wp\/v2\/posts\/1245\/revisions\/1250"}],"wp:featuredmedia":[{"embeddable":true,"href":"https:\/\/labrodeusedemots.com\/index.php\/wp-json\/wp\/v2\/media\/1247"}],"wp:attachment":[{"href":"https:\/\/labrodeusedemots.com\/index.php\/wp-json\/wp\/v2\/media?parent=1245"}],"wp:term":[{"taxonomy":"category","embeddable":true,"href":"https:\/\/labrodeusedemots.com\/index.php\/wp-json\/wp\/v2\/categories?post=1245"},{"taxonomy":"post_tag","embeddable":true,"href":"https:\/\/labrodeusedemots.com\/index.php\/wp-json\/wp\/v2\/tags?post=1245"}],"curies":[{"name":"wp","href":"https:\/\/api.w.org\/{rel}","templated":true}]}}