{"id":1171,"date":"2023-10-20T12:36:50","date_gmt":"2023-10-20T10:36:50","guid":{"rendered":"http:\/\/labrodeusedemots.com\/?p=1171"},"modified":"2024-01-22T16:48:55","modified_gmt":"2024-01-22T15:48:55","slug":"dedicaces-de-kathy-dauthuille-programme-2023","status":"publish","type":"post","link":"https:\/\/labrodeusedemots.com\/index.php\/2023\/10\/20\/dedicaces-de-kathy-dauthuille-programme-2023\/","title":{"rendered":"D\u00e9dicaces de Kathy Dauthuille, programme 2023"},"content":{"rendered":"<p><img loading=\"lazy\" class=\"aligncenter size-full wp-image-1172\" src=\"http:\/\/labrodeusedemots.com\/wp-content\/uploads\/2023\/04\/KD-dedicaces-2023.jpg\" alt=\"\" width=\"526\" height=\"701\" srcset=\"https:\/\/labrodeusedemots.com\/wp-content\/uploads\/2023\/04\/KD-dedicaces-2023.jpg 526w, https:\/\/labrodeusedemots.com\/wp-content\/uploads\/2023\/04\/KD-dedicaces-2023-225x300.jpg 225w, https:\/\/labrodeusedemots.com\/wp-content\/uploads\/2023\/04\/KD-dedicaces-2023-45x60.jpg 45w\" sizes=\"(max-width: 526px) 100vw, 526px\" \/><\/p>\n<p>Nous sommes heureux de vous pr\u00e9senter les dates des prochaines rencontres avec notre auteur Kathy Dauthuille* :<\/p>\n<ul>\n<li>Librairie presse \u00e0 Fontvieille (13990) (date pr\u00e9cise et informations \u00e0 venir)<\/li>\n<\/ul>\n<p><img loading=\"lazy\" class=\"aligncenter size-full wp-image-1221\" src=\"http:\/\/labrodeusedemots.com\/wp-content\/uploads\/2023\/04\/2023-06-11-KD-Journees-du-bien-etre-.jpg\" alt=\"\" width=\"538\" height=\"592\" srcset=\"https:\/\/labrodeusedemots.com\/wp-content\/uploads\/2023\/04\/2023-06-11-KD-Journees-du-bien-etre-.jpg 538w, https:\/\/labrodeusedemots.com\/wp-content\/uploads\/2023\/04\/2023-06-11-KD-Journees-du-bien-etre--273x300.jpg 273w, https:\/\/labrodeusedemots.com\/wp-content\/uploads\/2023\/04\/2023-06-11-KD-Journees-du-bien-etre--55x60.jpg 55w\" sizes=\"(max-width: 538px) 100vw, 538px\" \/><\/p>\n<ul>\n<li style=\"list-style-type: none;\">\n<ul>\n<li>Dimanche 11 juin 2023 apr\u00e8s-midi, 2e journ\u00e9e du bien-\u00eatre solidaire, association \u00c9coute-voir \u00e0 Port Saint Louis du Rh\u00f4ne (13230)<\/li>\n<li>Samedi 8 juillet 2023, Librairie presse La Provence \u00e0 Arles (13200)<img loading=\"lazy\" class=\"aligncenter size-full wp-image-1229\" src=\"http:\/\/labrodeusedemots.com\/wp-content\/uploads\/2023\/04\/2023-07-KD-Lecture-musicale.jpg\" alt=\"\" width=\"638\" height=\"911\" srcset=\"https:\/\/labrodeusedemots.com\/wp-content\/uploads\/2023\/04\/2023-07-KD-Lecture-musicale.jpg 638w, https:\/\/labrodeusedemots.com\/wp-content\/uploads\/2023\/04\/2023-07-KD-Lecture-musicale-210x300.jpg 210w, https:\/\/labrodeusedemots.com\/wp-content\/uploads\/2023\/04\/2023-07-KD-Lecture-musicale-42x60.jpg 42w\" sizes=\"(max-width: 638px) 100vw, 638px\" \/><\/li>\n<li>Mercredi 12 juillet 2023 \u00e0 18 h 30, lectures musicales, textes de Kathy Dauthuille et po\u00e8mes de <a href=\"https:\/\/aidadanse.wixsite.com\/kathy-dauthuille\/jacqueline-ballman\">Jacqueline Ballman<\/a>, \u00e0 l&#8217;\u00e9glise, Le Paradou (13250)<\/li>\n<li>Samedi 19 ao\u00fbt 2023, d\u00e9dicace \u00e0 la librairie presse de Maussane-Les-Alpilles (13520)<\/li>\n<li>Vendredi 21 juillet au matin : d\u00e9dicace au Tabac-Presse &#8220;L&#8217;\u00e9cho des Alpilles&#8221; \u00e0 Fontvieille (13)<\/li>\n<li>Vendredi 28 juillet au matin : d\u00e9dicace au Tabac-Presse de Salin-de-Giraud (13)<\/li>\n<li>Samedi 26 et dimanche 27 ao\u00fbt 2023,\u00a0<a href=\"https:\/\/www.association-namaste.com\/weekendnatureetbienetre\">Salon Nature &amp; bien-\u00eatre, Saint-Martin-de-Crau<\/a>\u00a0(13310)<\/li>\n<\/ul>\n<\/li>\n<\/ul>\n<p><img loading=\"lazy\" class=\"aligncenter size-full wp-image-1242\" src=\"http:\/\/labrodeusedemots.com\/wp-content\/uploads\/2023\/06\/KD-Eygalieres.jpg\" alt=\"\" width=\"510\" height=\"720\" srcset=\"https:\/\/labrodeusedemots.com\/wp-content\/uploads\/2023\/06\/KD-Eygalieres.jpg 510w, https:\/\/labrodeusedemots.com\/wp-content\/uploads\/2023\/06\/KD-Eygalieres-213x300.jpg 213w, https:\/\/labrodeusedemots.com\/wp-content\/uploads\/2023\/06\/KD-Eygalieres-43x60.jpg 43w\" sizes=\"(max-width: 510px) 100vw, 510px\" \/><\/p>\n<ul>\n<li style=\"list-style-type: none;\">\n<ul>\n<li>Samedi 16 et dimanche 17 septembre 2023, Salon Nature &amp; bien-\u00eatre, Eygali\u00e8res (13810)<\/li>\n<\/ul>\n<\/li>\n<\/ul>\n<p><img loading=\"lazy\" class=\"aligncenter size-large wp-image-1243\" src=\"http:\/\/labrodeusedemots.com\/wp-content\/uploads\/2023\/06\/KD-Salon-ARLES-1024x759.jpg\" alt=\"\" width=\"1020\" height=\"756\" srcset=\"https:\/\/labrodeusedemots.com\/wp-content\/uploads\/2023\/06\/KD-Salon-ARLES-1024x759.jpg 1024w, https:\/\/labrodeusedemots.com\/wp-content\/uploads\/2023\/06\/KD-Salon-ARLES-300x222.jpg 300w, https:\/\/labrodeusedemots.com\/wp-content\/uploads\/2023\/06\/KD-Salon-ARLES-768x569.jpg 768w, https:\/\/labrodeusedemots.com\/wp-content\/uploads\/2023\/06\/KD-Salon-ARLES-81x60.jpg 81w, https:\/\/labrodeusedemots.com\/wp-content\/uploads\/2023\/06\/KD-Salon-ARLES.jpg 1128w\" sizes=\"(max-width: 1020px) 100vw, 1020px\" \/><\/p>\n<ul>\n<li style=\"list-style-type: none;\">\n<ul>\n<li>Samedi 14 et dimanche 15 octobre 2023, <a href=\"http:\/\/www.histoirezen.com\">Salon bien-\u00eatre, Arles<\/a> (13200)<\/li>\n<li><a href=\"https:\/\/salons-bien-etre.fr\/listings\/salon-zen-bien-etre-et-arts-divinatoire-de-gardanne\/\">Salon bien-\u00eatre \u00e0 Gardanne<\/a> (13) les 28 et 29 octobre<\/li>\n<\/ul>\n<\/li>\n<\/ul>\n<p><img loading=\"lazy\" class=\"aligncenter wp-image-1256\" src=\"http:\/\/labrodeusedemots.com\/wp-content\/uploads\/2023\/10\/KD-Maussane-1-1024x548.jpg\" alt=\"\" width=\"800\" height=\"428\" srcset=\"https:\/\/labrodeusedemots.com\/wp-content\/uploads\/2023\/10\/KD-Maussane-1-1024x548.jpg 1024w, https:\/\/labrodeusedemots.com\/wp-content\/uploads\/2023\/10\/KD-Maussane-1-300x161.jpg 300w, https:\/\/labrodeusedemots.com\/wp-content\/uploads\/2023\/10\/KD-Maussane-1-768x411.jpg 768w, https:\/\/labrodeusedemots.com\/wp-content\/uploads\/2023\/10\/KD-Maussane-1-1536x822.jpg 1536w, https:\/\/labrodeusedemots.com\/wp-content\/uploads\/2023\/10\/KD-Maussane-1-112x60.jpg 112w, https:\/\/labrodeusedemots.com\/wp-content\/uploads\/2023\/10\/KD-Maussane-1.jpg 1635w\" sizes=\"(max-width: 800px) 100vw, 800px\" \/><\/p>\n<ul>\n<li><a href=\"https:\/\/lapetitemaisondemaussane.com\/\">La petite maison de Maussane<\/a>\u00a0les 1er, 2 et 3 novembre 2023 \u00e0 l\u2019occasion de l\u2019\u00e9v\u00e9nement\u00a0<em>Le cercle des d\u00e9esses. <\/em>Consulter l&#8217;<a href=\"http:\/\/labrodeusedemots.com\/index.php\/2023\/10\/13\/presentation-dedicace-a-la-petite-maison-de-maussane\/\">article consacr\u00e9 \u00e0 cet \u00e9v\u00e9nement\u00a0ici<\/a>.<\/li>\n<li><\/li>\n<li><img loading=\"lazy\" class=\"aligncenter size-full wp-image-1290\" src=\"http:\/\/labrodeusedemots.com\/wp-content\/uploads\/2023\/10\/arles-se-livre-2022-une-768x545-1.png\" alt=\"\" width=\"768\" height=\"545\" srcset=\"https:\/\/labrodeusedemots.com\/wp-content\/uploads\/2023\/10\/arles-se-livre-2022-une-768x545-1.png 768w, https:\/\/labrodeusedemots.com\/wp-content\/uploads\/2023\/10\/arles-se-livre-2022-une-768x545-1-300x213.png 300w, https:\/\/labrodeusedemots.com\/wp-content\/uploads\/2023\/10\/arles-se-livre-2022-une-768x545-1-85x60.png 85w\" sizes=\"(max-width: 768px) 100vw, 768px\" \/><\/li>\n<\/ul>\n<ul>\n<li><\/li>\n<li><a href=\"https:\/\/www.thegoodarles.com\/good-time-agenda-sorties-et-evenements-pays-d-arles\/arles-se-livre-festival\/?fbclid=IwAR20jgMmwEcWxbD3ejog84KxupGP1ijtjfhsdcNvQXh6Bb2ixveyi_DtABw\">Arles se livre<\/a> le samedi 18 novembre \u00e0 Arles (13).<\/li>\n<li><a href=\"https:\/\/www.histoirezen.com\/salon-du-bien-etre\/vitrolles-2023\/\">Salon bien-\u00eatre &#8220;Histoire Zen&#8221; \u00e0 Vitrolles<\/a> (13) les 25 et 26 novembre<\/li>\n<li>Samedi 16 et dimanche 17 d\u00e9cembre 2023, d\u00e9dicace \u00e0 la\u00a0<a href=\"https:\/\/www.facebook.com\/lamagiedisis\">Librairie La Magie d&#8217;Isis<\/a>\u00a0\u00e0 Beaucaire (30300)<\/li>\n<\/ul>\n<p>Pour en savoir plus :<\/p>\n<p><a href=\"http:\/\/kathy-dauthuille.fr\/\">Site officiel de l\u2019auteur<\/a><br \/>\n<a href=\"https:\/\/www.facebook.com\/kathydauthuille\">Page Facebook de l\u2019auteur<\/a><br \/>\nWikip\u00e9dia\u00a0:\u00a0<a href=\"http:\/\/fr.wikipedia.org\/wiki\/Kathy_Dauthuille\">Kathy Dauthuille<\/a><br \/>\n<a href=\"http:\/\/www.bimbolo.com\/\">Site officiel de l\u2019illustrateur du <em>8 et de la D\u00e9esse<\/em><\/a><\/p>\n<p>________<\/p>\n<p>* Kathy Dauthuille est auteur de nombreux ouvrages dont trois publi\u00e9s aux \u00c9ditions du Puits de Roulle : <a href=\"http:\/\/labrodeusedemots.com\/index.php\/2010\/11\/25\/les-voyageurs-au-sang-dor-de-kathy-dauthuille-roman\/\"><em>Les Voyageurs au sang d\u2019or<\/em><\/a>\u00a0(roman) et\u00a0<a href=\"http:\/\/labrodeusedemots.com\/index.php\/2013\/05\/01\/tisserand-du-soleil-de-kathy-dauthuille-conte-illustre-par-florence-saptille\/\"><em>Tisserand du soleil<\/em><\/a>, conte illustr\u00e9 par Florence Saptille, ainsi que <a href=\"https:\/\/labrodeusedemots.com\/index.php\/2022\/08\/01\/le-8-et-la-deesse-de-kathy-dauthuille-illustre-pas-alain-brechbuhl-conte\/\"><em>Le 8 et la D\u00e9esse<\/em><\/a>, conte de Kathy Dauthuille, illustr\u00e9 par Alain Brechbuhl. Format A5. ISBN : 978-2-36782-088-0. 96 pages.\u00a0<a href=\"http:\/\/labrodeusedemots.com\/index.php\/2022\/08\/01\/le-8-et-la-deesse-de-kathy-dauthuille-illustre-pas-alain-brechbuhl-conte\/\">Pour toute commande, cliquer ici.<\/a><\/p>\n<p>&nbsp;<\/p>\n","protected":false},"excerpt":{"rendered":"<p>Nous sommes heureux de vous pr\u00e9senter les dates des prochaines rencontres avec notre auteur Kathy Dauthuille* : Librairie presse \u00e0 Fontvieille (13990) (date pr\u00e9cise et informations \u00e0 venir) Dimanche 11 juin 2023 apr\u00e8s-midi, 2e journ\u00e9e du bien-\u00eatre solidaire, association \u00c9coute-voir \u00e0 Port Saint Louis du Rh\u00f4ne (13230) Samedi 8 juillet 2023, Librairie presse La Provence &hellip; <\/p>\n","protected":false},"author":1,"featured_media":984,"comment_status":"closed","ping_status":"open","sticky":false,"template":"","format":"standard","meta":[],"categories":[9],"tags":[56,16,51],"_links":{"self":[{"href":"https:\/\/labrodeusedemots.com\/index.php\/wp-json\/wp\/v2\/posts\/1171"}],"collection":[{"href":"https:\/\/labrodeusedemots.com\/index.php\/wp-json\/wp\/v2\/posts"}],"about":[{"href":"https:\/\/labrodeusedemots.com\/index.php\/wp-json\/wp\/v2\/types\/post"}],"author":[{"embeddable":true,"href":"https:\/\/labrodeusedemots.com\/index.php\/wp-json\/wp\/v2\/users\/1"}],"replies":[{"embeddable":true,"href":"https:\/\/labrodeusedemots.com\/index.php\/wp-json\/wp\/v2\/comments?post=1171"}],"version-history":[{"count":14,"href":"https:\/\/labrodeusedemots.com\/index.php\/wp-json\/wp\/v2\/posts\/1171\/revisions"}],"predecessor-version":[{"id":1354,"href":"https:\/\/labrodeusedemots.com\/index.php\/wp-json\/wp\/v2\/posts\/1171\/revisions\/1354"}],"wp:featuredmedia":[{"embeddable":true,"href":"https:\/\/labrodeusedemots.com\/index.php\/wp-json\/wp\/v2\/media\/984"}],"wp:attachment":[{"href":"https:\/\/labrodeusedemots.com\/index.php\/wp-json\/wp\/v2\/media?parent=1171"}],"wp:term":[{"taxonomy":"category","embeddable":true,"href":"https:\/\/labrodeusedemots.com\/index.php\/wp-json\/wp\/v2\/categories?post=1171"},{"taxonomy":"post_tag","embeddable":true,"href":"https:\/\/labrodeusedemots.com\/index.php\/wp-json\/wp\/v2\/tags?post=1171"}],"curies":[{"name":"wp","href":"https:\/\/api.w.org\/{rel}","templated":true}]}}