{"id":1167,"date":"2023-04-10T17:19:39","date_gmt":"2023-04-10T15:19:39","guid":{"rendered":"http:\/\/labrodeusedemots.com\/?p=1167"},"modified":"2023-04-10T17:19:39","modified_gmt":"2023-04-10T15:19:39","slug":"prochaine-rencontre-dedicace-avec-philippe-pussat","status":"publish","type":"post","link":"https:\/\/labrodeusedemots.com\/index.php\/2023\/04\/10\/prochaine-rencontre-dedicace-avec-philippe-pussat\/","title":{"rendered":"Prochaine rencontre-d\u00e9dicace avec Philippe Pussat"},"content":{"rendered":"<p><img class=\"aligncenter\" src=\"https:\/\/photos.infolocale.fr\/infoLocale\/annonce\/2023\/0401\/7859187\/_1_cover_867-400_.jpg\" \/><\/p>\n<p style=\"text-align: justify;\" align=\"justify\">La prochaine rencontre-d\u00e9dicace avec Philippe Pussat aura lieu mercredi 19 avril l2023 de 15 h \u00e0 17 h \u00e0 la m\u00e9diath\u00e8que de F\u00e9gr\u00e9ac autour de son livre \u00ab <em><a href=\"http:\/\/labrodeusedemots.com\/index.php\/2023\/01\/18\/resistants-7-destins-croises-recits-enquetes-philippe-pussat\/\">R\u00e9sistants, 7 destins crois\u00e9s<\/a> <\/em>\u00bb paru en janvier 2023, dans lequel il relate les destins de 7 r\u00e9sistants d\u00e9port\u00e9s du pays de Redon.<\/p>\n<p style=\"text-align: justify;\">Cette vespr\u00e9e 39-45 sera l\u2019occasion d\u2019une rencontre entre territoire (F\u00e9gr\u00e9ac, Gu\u00e9m\u00e9n\u00e9, Saint-Vincent, B\u00e9ganne) et entre les g\u00e9n\u00e9rations.<\/p>\n<p style=\"text-align: justify;\">Entr\u00e9e libre et d\u00e9dicace.<\/p>\n<div dir=\"auto\">\n<div dir=\"auto\">______<\/div>\n<\/div>\n<div dir=\"auto\">\n<p>Plusieurs autres rencontres avec Philippe Pussat sont pr\u00e9vues dans le pays de Redon (informations \u00e0 venir).<\/p>\n<p>Les participants pourront acheter et se faire d\u00e9dicacer son livre.<br \/>\n______<br \/>\nPhilippe Pussat, \u201c<a href=\"http:\/\/labrodeusedemots.com\/index.php\/2023\/02\/18\/resistants-7-destins-croises-recits-enquetes-philippe-pussat\/\"><em>Juin 1944 \u2013 Canton d\u2019Allaire \u2013 Morbihan \u2013 R\u00e9sistants : 7 destins crois\u00e9s \u2013 R\u00e9cits et enqu\u00eates<\/em><\/a>\u201c, format A5, 522 pages, N\u00eemes : La Brodeuse de Mots, 30 \u20ac. \u00a0ISBN : 978-2-490468-08-9. Sortie 21 janvier 2023. Disponible aupr\u00e8s de l\u2019auteur\u00a0<a href=\"mailto:jhapege.resistants@orange.fr\">jhapege.resistants@orange.fr<\/a>\u00a0\/ 07 86 19 58 23.<\/p>\n<\/div>\n","protected":false},"excerpt":{"rendered":"<p>La prochaine rencontre-d\u00e9dicace avec Philippe Pussat aura lieu mercredi 19 avril l2023 de 15 h \u00e0 17 h \u00e0 la m\u00e9diath\u00e8que de F\u00e9gr\u00e9ac autour de son livre \u00ab R\u00e9sistants, 7 destins crois\u00e9s \u00bb paru en janvier 2023, dans lequel il relate les destins de 7 r\u00e9sistants d\u00e9port\u00e9s du pays de Redon. Cette vespr\u00e9e 39-45 sera &hellip; <\/p>\n","protected":false},"author":1,"featured_media":1168,"comment_status":"closed","ping_status":"open","sticky":false,"template":"","format":"standard","meta":[],"categories":[9],"tags":[61,30,58,59,50,60],"_links":{"self":[{"href":"https:\/\/labrodeusedemots.com\/index.php\/wp-json\/wp\/v2\/posts\/1167"}],"collection":[{"href":"https:\/\/labrodeusedemots.com\/index.php\/wp-json\/wp\/v2\/posts"}],"about":[{"href":"https:\/\/labrodeusedemots.com\/index.php\/wp-json\/wp\/v2\/types\/post"}],"author":[{"embeddable":true,"href":"https:\/\/labrodeusedemots.com\/index.php\/wp-json\/wp\/v2\/users\/1"}],"replies":[{"embeddable":true,"href":"https:\/\/labrodeusedemots.com\/index.php\/wp-json\/wp\/v2\/comments?post=1167"}],"version-history":[{"count":1,"href":"https:\/\/labrodeusedemots.com\/index.php\/wp-json\/wp\/v2\/posts\/1167\/revisions"}],"predecessor-version":[{"id":1169,"href":"https:\/\/labrodeusedemots.com\/index.php\/wp-json\/wp\/v2\/posts\/1167\/revisions\/1169"}],"wp:featuredmedia":[{"embeddable":true,"href":"https:\/\/labrodeusedemots.com\/index.php\/wp-json\/wp\/v2\/media\/1168"}],"wp:attachment":[{"href":"https:\/\/labrodeusedemots.com\/index.php\/wp-json\/wp\/v2\/media?parent=1167"}],"wp:term":[{"taxonomy":"category","embeddable":true,"href":"https:\/\/labrodeusedemots.com\/index.php\/wp-json\/wp\/v2\/categories?post=1167"},{"taxonomy":"post_tag","embeddable":true,"href":"https:\/\/labrodeusedemots.com\/index.php\/wp-json\/wp\/v2\/tags?post=1167"}],"curies":[{"name":"wp","href":"https:\/\/api.w.org\/{rel}","templated":true}]}}