{"id":1153,"date":"2023-04-04T17:44:55","date_gmt":"2023-04-04T15:44:55","guid":{"rendered":"http:\/\/labrodeusedemots.com\/?p=1153"},"modified":"2023-04-10T16:41:16","modified_gmt":"2023-04-10T14:41:16","slug":"la-religion-a-t-elle-encore-une-place-dans-la-societe-francaise-tarik-yildiz","status":"publish","type":"post","link":"https:\/\/labrodeusedemots.com\/index.php\/2023\/04\/04\/la-religion-a-t-elle-encore-une-place-dans-la-societe-francaise-tarik-yildiz\/","title":{"rendered":"La religion a-t-elle encore une place dans la soci\u00e9t\u00e9 fran\u00e7aise ? Tarik Yildiz"},"content":{"rendered":"<p><img loading=\"lazy\" class=\"aligncenter size-large wp-image-1154\" src=\"http:\/\/labrodeusedemots.com\/wp-content\/uploads\/2023\/04\/TY-2023-04-03-BOURDIN-Sud-Radio-2-1024x605.jpg\" alt=\"\" width=\"1020\" height=\"603\" srcset=\"https:\/\/labrodeusedemots.com\/wp-content\/uploads\/2023\/04\/TY-2023-04-03-BOURDIN-Sud-Radio-2-1024x605.jpg 1024w, https:\/\/labrodeusedemots.com\/wp-content\/uploads\/2023\/04\/TY-2023-04-03-BOURDIN-Sud-Radio-2-300x177.jpg 300w, https:\/\/labrodeusedemots.com\/wp-content\/uploads\/2023\/04\/TY-2023-04-03-BOURDIN-Sud-Radio-2-768x454.jpg 768w, https:\/\/labrodeusedemots.com\/wp-content\/uploads\/2023\/04\/TY-2023-04-03-BOURDIN-Sud-Radio-2-102x60.jpg 102w, https:\/\/labrodeusedemots.com\/wp-content\/uploads\/2023\/04\/TY-2023-04-03-BOURDIN-Sud-Radio-2.jpg 1328w\" sizes=\"(max-width: 1020px) 100vw, 1020px\" \/><\/p>\n<p style=\"text-align: justify;\">Notre auteur Tarik Yildiz* \u00e9tait invit\u00e9 au micro de Jean-Jacques Bourdin sur Sud Radio dans l&#8217;\u00e9mission <a class=\"x1i10hfl xjbqb8w x6umtig x1b1mbwd xaqea5y xav7gou x9f619 x1ypdohk xt0psk2 xe8uvvx xdj266r x11i5rnm xat24cr x1mh8g0r xexx8yu x4uap5 x18d9i69 xkhd6sd x16tdsg8 x1hl2dhg xggy1nq x1a2a7pz xt0b8zv x1qq9wsj xo1l8bm\" tabindex=\"0\" role=\"link\" href=\"https:\/\/www.facebook.com\/hashtag\/parlons_vrai_chez_bourdin?__eep__=6&amp;__cft__[0]=AZVRr4mqf-6dacXY7evyPcarUb0CibRswxY2X6RX08_Pmzuv7AL4k4-glyu9cQd-x6PyMxM-zvGUOo1ZNVkJLDsKAs8rOYr9B1wDo1VETiCG2srruBNV1kT7Ld9UvKrsobqnVOJiM6phBfh_bCdXUy364nl-gxonuUDkXttiTNXHgsN87f2vgFtzV_geIytvbIM&amp;__tn__=*NK-R\">#parlons_vrai_chez_bourdin<\/a> du lundi 3 avril pour parler de religions.<\/p>\n<p style=\"text-align: justify;\"><em>Parlons Vrai chez Bourdin<\/em> avec Rudy Manna, Secr\u00e9taire d\u00e9partemental du syndicat Alliance Bouches-du-Rh\u00f4ne, Jean-Loup Adenor, journaliste \u00e0 Charlie Hebdo, sp\u00e9cialiste des questions de religion, Aur\u00e9lien Tach\u00e9, d\u00e9put\u00e9 \u00e9cologiste du Val-d\u2019Oise, Tarik Yildiz, Sociologue et essayiste, auteur de <em><a href=\"http:\/\/labrodeusedemots.com\/index.php\/2020\/11\/27\/de-la-fatigue-detre-soi-au-pret-a-croire-lutter-contre-la-delinquance-pour-combattre-le-radicalisme-islamiste-tarik-yildiz-essai\/\">De <\/a><\/em><a href=\"http:\/\/labrodeusedemots.com\/index.php\/2020\/11\/27\/de-la-fatigue-detre-soi-au-pret-a-croire-lutter-contre-la-delinquance-pour-combattre-le-radicalisme-islamiste-tarik-yildiz-essai\/\"><em>la fatigue d&#8217;\u00eatre soi au pr\u00eat-\u00e0-croire. Lutter contre la d\u00e9linquance pour combattre le radicalisme islamiste<\/em><\/a>\u201d, (\u00c9ditions du Puits de Roulle), Alain Clayes, membre du Comit\u00e9 consultatif national d\u2019\u00e9thique, rapporteur de l\u2019avis publi\u00e9 mardi et co-auteur avec Jean Leonetti de la loi de 2016 sur la fin de vie et Fran\u00e7ois Rebsamen, Maire PS de Dijon.<\/p>\n<p><a href=\"https:\/\/storage.gra.cloud.ovh.net\/v1\/AUTH_1db17c9a9c714ce39f508d240f11d920\/octopus-bucket\/ec630f92-45d3-4142-aa4a-65ae8a01a3e2\/39654a2b-bef5-4193-a864-8979f855f727.mp3\">Ecouter l&#8217;\u00e9mission en ligne ici<\/a> ou <a href=\"https:\/\/www.youtube.com\/watch?v=N5q61npWaiY\">voir la vid\u00e9o (\u00e0 partir de 23&#8217;25<\/a>&#8220;) :<\/p>\n<p style=\"text-align: center;\"><iframe title=\"YouTube video player\" src=\"https:\/\/www.youtube.com\/embed\/N5q61npWaiY\" width=\"560\" height=\"315\" frameborder=\"0\" allowfullscreen=\"allowfullscreen\"><\/iframe><\/p>\n<p>&nbsp;<\/p>\n<div class=\"x11i5rnm xat24cr x1mh8g0r x1vvkbs xtlvy1s x126k92a\">\n<div dir=\"auto\">\u2014\u2014\u2014\u2013<\/div>\n<p style=\"text-align: justify;\">* Tarik Yildiz est sociologue, auteur notamment de \u201c<a href=\"http:\/\/labrodeusedemots.com\/index.php\/2020\/11\/27\/de-la-fatigue-detre-soi-au-pret-a-croire-lutter-contre-la-delinquance-pour-combattre-le-radicalisme-islamiste-tarik-yildiz-essai\/\"><em>De la fatigue d\u2019\u00eatre soi au pr\u00eat-\u00e0-croire. Lutter contre la d\u00e9linquance pour combattre le radicalisme islamiste<\/em><\/a>\u201d (\u00e9ditions du Puits de Roulle, d\u00e9cembre 2020) et <a href=\"http:\/\/labrodeusedemots.com\/index.php\/2020\/11\/27\/le-racisme-anti-blanc-ne-pas-en-parler-un-deni-de-realite-3e-edition-augmentee-de-tarik-yildiz-essai\/\"><i>Le racisme anti-blanc \u2013 Ne pas en parler : un d\u00e9ni de r\u00e9alit\u00e9. 3e \u00e9dition augment\u00e9e d\u2019un pr\u00e9ambule<\/i>, (\u00e9ditions du Puits de Roulle, d\u00e9cembre 2020, 1\u00e8re \u00e9dition 2010).<\/a><\/p>\n<p style=\"text-align: justify;\">\u00c0 propos de l\u2019auteur<\/p>\n<p style=\"text-align: justify;\">Docteur en sociologie et enseignant \u00e0 Sciences Po Paris, Tarik Yildiz contribue r\u00e9guli\u00e8rement au d\u00e9bat d\u2019id\u00e9es dans diff\u00e9rents journaux (<em>Le Monde, Lib\u00e9ration, Le Figaro, Huffington Post<\/em>\u2026) \u00e0 travers de nombreux articles et tribunes concernant le lien social, les enjeux de l\u2019int\u00e9gration, le rapport au religieux et les questions soci\u00e9tales. Conseiller et consultant pour les administrations publiques, ayant grandi dans les quartiers dits \u00ab sensibles \u00bb, il est visc\u00e9ralement attach\u00e9 \u00e0 l\u2019histoire de France et au cadre r\u00e9publicain. Dans ses interventions, Tarik Yildiz apporte aux faits un \u00e9clairage diff\u00e9rent, mettant l\u2019accent sur les \u00e9tudes de terrain et la perception des acteurs eux-m\u00eames.<\/p>\n<\/div>\n","protected":false},"excerpt":{"rendered":"<p>Notre auteur Tarik Yildiz* \u00e9tait invit\u00e9 au micro de Jean-Jacques Bourdin sur Sud Radio dans l&#8217;\u00e9mission #parlons_vrai_chez_bourdin du lundi 3 avril pour parler de religions. Parlons Vrai chez Bourdin avec Rudy Manna, Secr\u00e9taire d\u00e9partemental du syndicat Alliance Bouches-du-Rh\u00f4ne, Jean-Loup Adenor, journaliste \u00e0 Charlie Hebdo, sp\u00e9cialiste des questions de religion, Aur\u00e9lien Tach\u00e9, d\u00e9put\u00e9 \u00e9cologiste du Val-d\u2019Oise, &hellip; <\/p>\n","protected":false},"author":1,"featured_media":1155,"comment_status":"closed","ping_status":"open","sticky":false,"template":"","format":"standard","meta":[],"categories":[9],"tags":[24,22,21],"_links":{"self":[{"href":"https:\/\/labrodeusedemots.com\/index.php\/wp-json\/wp\/v2\/posts\/1153"}],"collection":[{"href":"https:\/\/labrodeusedemots.com\/index.php\/wp-json\/wp\/v2\/posts"}],"about":[{"href":"https:\/\/labrodeusedemots.com\/index.php\/wp-json\/wp\/v2\/types\/post"}],"author":[{"embeddable":true,"href":"https:\/\/labrodeusedemots.com\/index.php\/wp-json\/wp\/v2\/users\/1"}],"replies":[{"embeddable":true,"href":"https:\/\/labrodeusedemots.com\/index.php\/wp-json\/wp\/v2\/comments?post=1153"}],"version-history":[{"count":5,"href":"https:\/\/labrodeusedemots.com\/index.php\/wp-json\/wp\/v2\/posts\/1153\/revisions"}],"predecessor-version":[{"id":1161,"href":"https:\/\/labrodeusedemots.com\/index.php\/wp-json\/wp\/v2\/posts\/1153\/revisions\/1161"}],"wp:featuredmedia":[{"embeddable":true,"href":"https:\/\/labrodeusedemots.com\/index.php\/wp-json\/wp\/v2\/media\/1155"}],"wp:attachment":[{"href":"https:\/\/labrodeusedemots.com\/index.php\/wp-json\/wp\/v2\/media?parent=1153"}],"wp:term":[{"taxonomy":"category","embeddable":true,"href":"https:\/\/labrodeusedemots.com\/index.php\/wp-json\/wp\/v2\/categories?post=1153"},{"taxonomy":"post_tag","embeddable":true,"href":"https:\/\/labrodeusedemots.com\/index.php\/wp-json\/wp\/v2\/tags?post=1153"}],"curies":[{"name":"wp","href":"https:\/\/api.w.org\/{rel}","templated":true}]}}